{"id":2105,"date":"2013-07-08T11:48:37","date_gmt":"2013-07-08T09:48:37","guid":{"rendered":"http:\/\/blogs.diariosur.es\/-que-le-compro-\/?p=2105"},"modified":"2013-07-08T11:48:37","modified_gmt":"2013-07-08T09:48:37","slug":"cursos-de-julio-en-fabric-taller-ganchillo-costura-y-mas","status":"publish","type":"post","link":"https:\/\/blogs.diariosur.es\/-que-le-compro-\/2013\/07\/08\/cursos-de-julio-en-fabric-taller-ganchillo-costura-y-mas\/","title":{"rendered":"Cursos de julio en Fabric Taller: ganchillo, costura y m\u00e1s"},"content":{"rendered":"<p><span style=\"color: #000080;\">Con la llegada de las vacaciones es buen momento para invertir el tiempo libre en aprender cosas nuevas. Y las chicas de <strong>Fabric Taller<\/strong> lo saben as\u00ed que siguen en julio con su programa de actividades, y con \u00e9xito. De hecho, el de elaboraci\u00f3n de alpargatas y zapatos de beb\u00e9 ya est\u00e1 completo (anuncian que lo repetir\u00e1n en breve) pero adem\u00e1s ofrecen estos:<\/span><\/p>\n<p><span style=\"color: #000080;\">Viernes 19 de Julio: taller de ganchillo XL avanzado.<\/span><br \/>\n<span style=\"color: #000080;\">S\u00e1bado 20 de Julio: Taller de encuadernaci\u00f3n.<\/span><br \/>\n<span style=\"color: #000080;\">Viernes 26 de Julio: Taller de Iniciaci\u00f3n a la m\u00e1quina de coser.<\/span><br \/>\n<span style=\"color: #000080;\">S\u00e1bado 27 de Julio: Taller de carvado de sellos y estampaci\u00f3n.<\/span><\/p>\n<p>&nbsp;<\/p>\n<p><span style=\"color: #000080;\">Cada curso tiene un precio as\u00ed que pod\u00e9is obtener m\u00e1s informaci\u00f3n del horario y otros detalles en el tel\u00e9fono\u00a0951 71 98 10 o <a href=\"mailto:fabrictaller@gmail.com\"><span style=\"color: #000080;\">enviando un e-mail aqu\u00ed.<\/span><\/a><\/span><\/p>\n<p><span style=\"color: #000080;\">Os recuerdo que Fabric Taller est\u00e1 en el Centro de M\u00e1laga, en la calle Pardo Baz\u00e1n (primer callejoncito de Oller\u00edas).<\/span><\/p>\n<p><script type=\"text\/javascript\">var addthis_config = {\"data_track_clickback\":true,\"data_track_addressbar\":false,\"data_track_textcopy\":false,\"ui_atversion\":\"300\"}; var addthis_product = 'wpp-3.0.2';<\/script><script type=\"text\/javascript\" src=\"\/\/s7.addthis.com\/js\/300\/addthis_widget.js#pubid=ra-50fc27702fb34fca\"><\/script><\/p>\n<p><a href=\"\/-que-le-compro-\/wp-content\/uploads\/sites\/19\/2013\/07\/costura.jpg\"><img loading=\"lazy\" class=\"aligncenter size-full wp-image-2106\" title=\"Taller de costura en julio en Fabric Taller\" src=\"\/-que-le-compro-\/wp-content\/uploads\/sites\/19\/2013\/07\/costura.jpg\" alt=\"Taller de costura en julio en Fabric Taller\" width=\"240\" height=\"200\" \/><\/a><\/p>\n<p>&nbsp;<\/p>\n","protected":false},"excerpt":{"rendered":"<p>Con la llegada de las vacaciones es buen momento para invertir el tiempo libre en aprender cosas nuevas. Y las chicas de Fabric Taller lo saben as\u00ed que siguen en julio con su programa de actividades, y con \u00e9xito. De hecho, el de elaboraci\u00f3n de alpargatas y zapatos de beb\u00e9 ya est\u00e1 completo (anuncian que [&hellip;]<\/p>\n","protected":false},"author":24,"featured_media":0,"comment_status":"open","ping_status":"open","sticky":false,"template":"","format":"standard","meta":[],"categories":[7],"tags":[234,994,1336,3510],"_links":{"self":[{"href":"https:\/\/blogs.diariosur.es\/-que-le-compro-\/wp-json\/wp\/v2\/posts\/2105"}],"collection":[{"href":"https:\/\/blogs.diariosur.es\/-que-le-compro-\/wp-json\/wp\/v2\/posts"}],"about":[{"href":"https:\/\/blogs.diariosur.es\/-que-le-compro-\/wp-json\/wp\/v2\/types\/post"}],"author":[{"embeddable":true,"href":"https:\/\/blogs.diariosur.es\/-que-le-compro-\/wp-json\/wp\/v2\/users\/24"}],"replies":[{"embeddable":true,"href":"https:\/\/blogs.diariosur.es\/-que-le-compro-\/wp-json\/wp\/v2\/comments?post=2105"}],"version-history":[{"count":0,"href":"https:\/\/blogs.diariosur.es\/-que-le-compro-\/wp-json\/wp\/v2\/posts\/2105\/revisions"}],"wp:attachment":[{"href":"https:\/\/blogs.diariosur.es\/-que-le-compro-\/wp-json\/wp\/v2\/media?parent=2105"}],"wp:term":[{"taxonomy":"category","embeddable":true,"href":"https:\/\/blogs.diariosur.es\/-que-le-compro-\/wp-json\/wp\/v2\/categories?post=2105"},{"taxonomy":"post_tag","embeddable":true,"href":"https:\/\/blogs.diariosur.es\/-que-le-compro-\/wp-json\/wp\/v2\/tags?post=2105"}],"curies":[{"name":"wp","href":"https:\/\/api.w.org\/{rel}","templated":true}]}}