{"id":2107,"date":"2013-07-09T22:36:15","date_gmt":"2013-07-09T20:36:15","guid":{"rendered":"http:\/\/blogs.diariosur.es\/-que-le-compro-\/?p=2107"},"modified":"2013-07-09T22:36:15","modified_gmt":"2013-07-09T20:36:15","slug":"subasta-inversa-en-worten-malaga-puja-por-la-tecnologia-al-precio-mas-bajo","status":"publish","type":"post","link":"https:\/\/blogs.diariosur.es\/-que-le-compro-\/2013\/07\/09\/subasta-inversa-en-worten-malaga-puja-por-la-tecnologia-al-precio-mas-bajo\/","title":{"rendered":"Subasta inversa en Worten M\u00e1laga: puja por la tecnolog\u00eda al precio m\u00e1s bajo"},"content":{"rendered":"<p><span style=\"color: #000080;\">\u00bfOs imagin\u00e1is llevaros a casa un smartphone, una televisi\u00f3n LED o una consola X360 nuevos por solo 30 c\u00e9ntimos? Pues si se propone pagar a\u00fan menos, 20 c\u00e9ntimos, tienes todav\u00eda m\u00e1s posibilidades de conseguirlos.Y es que <strong>Worten M\u00e1laga<\/strong> celebra este <span style=\"text-decoration: underline;\">s\u00e1bado, 13 de julio<\/span>, \u00a0La fiesta de los precios bajos. Tomad nota, porque la propuesta es m\u00e1s que interesante: se trata de una subasta inversa, en la que ser\u00e1n los clientes los que pondr\u00e1n sus precios, cuantos m\u00e1s bajos mejor. Solo hay un riesgo: si el precio se repite con el de otro pujador, ambos pierden. Los participantes pondr\u00e1n en la subasta el precio por el que pujan, adjudic\u00e1ndose el producto a aquel que haya hecho la oferta m\u00e1s baja, sin repetir el precio.<\/span><\/p>\n<p><span style=\"color: #000080;\">Cada hora a lo largo de d\u00eda, se extraer\u00e1n de las urnas cuatro cupones al azar y se llamar\u00e1 a sus titulares. El que haya escrito el importe menor y que no est\u00e9 repetido, se llevar\u00e1 el producto por el coste que haya indicado en el cup\u00f3n. Mediante este sistema, se pondr\u00e1n a la venta tablets, ordenadores port\u00e1tiles, tel\u00e9fonos m\u00f3viles, consolas, televisiones y peque\u00f1os y grandes electrodom\u00e9sticos. Adem\u00e1s, durante todo el s\u00e1bado los clientes podr\u00e1n disfrutar de actividades de animaci\u00f3n en la tienda, actuaciones de Dj, juegos y concursos. Incluso se emitir\u00e1 en directo un programa de radio. Adem\u00e1s, se repartir\u00e1n entre los asistentes sombrillas, gorras y otros productos de merchandising.<\/span><\/p>\n<p><span style=\"color: #000080;\">Para difundir la campa\u00f1a, que posteriormente se ir\u00e1 repitiendo en otros locales de la cadena, Worten ha llegado a un acuerdo con diferentes bares y chiringuitos de la Costa del Sol, que promocionar\u00e1n el evento. La direcci\u00f3n conf\u00eda en que esta actividad sirva para multiplicar las ventas en su tienda en M\u00e1laga capital (ubicada en el parque comercial <strong>Bah\u00eda Azul<\/strong>). De hecho, las previsiones son multiplicar por cuatro la afluencia de un d\u00eda normal, seg\u00fan explica el director de este local, V\u00edctor Hern\u00e1ndez.<\/span><\/p>\n<p><script type=\"text\/javascript\">var addthis_config = {\"data_track_clickback\":true,\"data_track_addressbar\":false,\"data_track_textcopy\":false,\"ui_atversion\":\"300\"}; var addthis_product = 'wpp-3.0.2';<\/script><script type=\"text\/javascript\" src=\"\/\/s7.addthis.com\/js\/300\/addthis_widget.js#pubid=ra-50fc27702fb34fca\"><\/script><\/p>\n<p><span style=\"color: #000080;\">\u00bfOs anim\u00e1is a participar? \u00a1Suerte!<\/span><\/p>\n","protected":false},"excerpt":{"rendered":"<p>\u00bfOs imagin\u00e1is llevaros a casa un smartphone, una televisi\u00f3n LED o una consola X360 nuevos por solo 30 c\u00e9ntimos? Pues si se propone pagar a\u00fan menos, 20 c\u00e9ntimos, tienes todav\u00eda m\u00e1s posibilidades de conseguirlos.Y es que Worten M\u00e1laga celebra este s\u00e1bado, 13 de julio, \u00a0La fiesta de los precios bajos. Tomad nota, porque la propuesta [&hellip;]<\/p>\n","protected":false},"author":24,"featured_media":0,"comment_status":"open","ping_status":"open","sticky":false,"template":"","format":"standard","meta":[],"categories":[7],"tags":[357,1410,3473,3749,3932],"_links":{"self":[{"href":"https:\/\/blogs.diariosur.es\/-que-le-compro-\/wp-json\/wp\/v2\/posts\/2107"}],"collection":[{"href":"https:\/\/blogs.diariosur.es\/-que-le-compro-\/wp-json\/wp\/v2\/posts"}],"about":[{"href":"https:\/\/blogs.diariosur.es\/-que-le-compro-\/wp-json\/wp\/v2\/types\/post"}],"author":[{"embeddable":true,"href":"https:\/\/blogs.diariosur.es\/-que-le-compro-\/wp-json\/wp\/v2\/users\/24"}],"replies":[{"embeddable":true,"href":"https:\/\/blogs.diariosur.es\/-que-le-compro-\/wp-json\/wp\/v2\/comments?post=2107"}],"version-history":[{"count":0,"href":"https:\/\/blogs.diariosur.es\/-que-le-compro-\/wp-json\/wp\/v2\/posts\/2107\/revisions"}],"wp:attachment":[{"href":"https:\/\/blogs.diariosur.es\/-que-le-compro-\/wp-json\/wp\/v2\/media?parent=2107"}],"wp:term":[{"taxonomy":"category","embeddable":true,"href":"https:\/\/blogs.diariosur.es\/-que-le-compro-\/wp-json\/wp\/v2\/categories?post=2107"},{"taxonomy":"post_tag","embeddable":true,"href":"https:\/\/blogs.diariosur.es\/-que-le-compro-\/wp-json\/wp\/v2\/tags?post=2107"}],"curies":[{"name":"wp","href":"https:\/\/api.w.org\/{rel}","templated":true}]}}