{"id":2108,"date":"2013-07-11T11:42:56","date_gmt":"2013-07-11T09:42:56","guid":{"rendered":"http:\/\/blogs.diariosur.es\/-que-le-compro-\/?p=2108"},"modified":"2013-07-11T11:42:56","modified_gmt":"2013-07-11T09:42:56","slug":"moda-mercadillo-contigo-pan-y-cebolla-en-el-molina-lario","status":"publish","type":"post","link":"https:\/\/blogs.diariosur.es\/-que-le-compro-\/2013\/07\/11\/moda-mercadillo-contigo-pan-y-cebolla-en-el-molina-lario\/","title":{"rendered":"Mercadillo Contigo pan y cebolla, moda y complementos a buen precio"},"content":{"rendered":"<p><span style=\"color: #333399;\">\u00bfTen\u00e9is plan para este jueves? Sea cual sea la respuesta, os planteo una propuesta interesante: moda vintage, complementos y bisuter\u00eda a muy buen precio y con unas vistas privilegiadas de M\u00e1laga. \u00bfA que suena bien?<\/span><\/p>\n<p><span style=\"color: #333399;\">Pues si os apetece apuntaros, <strong>La habitaci\u00f3n de Kate<\/strong> organiza este jueves su mercadillo de segunda mano <strong>Contigo pan y cebolla<\/strong>, que se celebra en la t<span style=\"text-decoration: underline;\">erraza del hotel Molina Lario. La cita es de nueve a doce de la noche,<\/span> para que el calor no sea una excusa. Adem\u00e1s, compartir\u00e1n espacio con la galer\u00eda fotogr\u00e1fica Yellow Korner (que est\u00e1n en la calle Mart\u00ednez, tambi\u00e9n en el Centro) y que mostrar\u00e1n algunos de sus trabajos.<\/span><\/p>\n<p><span style=\"color: #333399;\">\u00bfOs anim\u00e1is?<\/span><\/p>\n<p><script type=\"text\/javascript\">var addthis_config = {\"data_track_clickback\":true,\"data_track_addressbar\":false,\"data_track_textcopy\":false,\"ui_atversion\":\"300\"}; var addthis_product = 'wpp-3.0.2';<\/script><script type=\"text\/javascript\" src=\"\/\/s7.addthis.com\/js\/300\/addthis_widget.js#pubid=ra-50fc27702fb34fca\"><\/script><\/p>\n<div id=\"attachment_2109\" style=\"width: 510px\" class=\"wp-caption aligncenter\"><a href=\"\/-que-le-compro-\/wp-content\/uploads\/sites\/19\/2013\/07\/kate-11julio.jpg\"><img aria-describedby=\"caption-attachment-2109\" loading=\"lazy\" class=\"size-full wp-image-2109\" title=\"Contigo pan y cebolla, 11 de julio\" src=\"\/-que-le-compro-\/wp-content\/uploads\/sites\/19\/2013\/07\/kate-11julio.jpg\" alt=\"Contigo pan y cebolla, 11 de julio\" width=\"500\" height=\"646\" srcset=\"https:\/\/static-blogs.diariosur.es\/wp-content\/uploads\/sites\/19\/2013\/07\/kate-11julio.jpg 500w, https:\/\/static-blogs.diariosur.es\/wp-content\/uploads\/sites\/19\/2013\/07\/kate-11julio-232x300.jpg 232w\" sizes=\"(max-width: 500px) 100vw, 500px\" \/><\/a><p id=\"caption-attachment-2109\" class=\"wp-caption-text\">Contigo pan y cebolla, 11 de julio<\/p><\/div>\n","protected":false},"excerpt":{"rendered":"<p>\u00bfTen\u00e9is plan para este jueves? Sea cual sea la respuesta, os planteo una propuesta interesante: moda vintage, complementos y bisuter\u00eda a muy buen precio y con unas vistas privilegiadas de M\u00e1laga. \u00bfA que suena bien? Pues si os apetece apuntaros, La habitaci\u00f3n de Kate organiza este jueves su mercadillo de segunda mano Contigo pan y [&hellip;]<\/p>\n","protected":false},"author":24,"featured_media":0,"comment_status":"open","ping_status":"open","sticky":false,"template":"","format":"standard","meta":[],"categories":[4,7],"tags":[1651,1878,1899,2191,2216,3937],"_links":{"self":[{"href":"https:\/\/blogs.diariosur.es\/-que-le-compro-\/wp-json\/wp\/v2\/posts\/2108"}],"collection":[{"href":"https:\/\/blogs.diariosur.es\/-que-le-compro-\/wp-json\/wp\/v2\/posts"}],"about":[{"href":"https:\/\/blogs.diariosur.es\/-que-le-compro-\/wp-json\/wp\/v2\/types\/post"}],"author":[{"embeddable":true,"href":"https:\/\/blogs.diariosur.es\/-que-le-compro-\/wp-json\/wp\/v2\/users\/24"}],"replies":[{"embeddable":true,"href":"https:\/\/blogs.diariosur.es\/-que-le-compro-\/wp-json\/wp\/v2\/comments?post=2108"}],"version-history":[{"count":0,"href":"https:\/\/blogs.diariosur.es\/-que-le-compro-\/wp-json\/wp\/v2\/posts\/2108\/revisions"}],"wp:attachment":[{"href":"https:\/\/blogs.diariosur.es\/-que-le-compro-\/wp-json\/wp\/v2\/media?parent=2108"}],"wp:term":[{"taxonomy":"category","embeddable":true,"href":"https:\/\/blogs.diariosur.es\/-que-le-compro-\/wp-json\/wp\/v2\/categories?post=2108"},{"taxonomy":"post_tag","embeddable":true,"href":"https:\/\/blogs.diariosur.es\/-que-le-compro-\/wp-json\/wp\/v2\/tags?post=2108"}],"curies":[{"name":"wp","href":"https:\/\/api.w.org\/{rel}","templated":true}]}}