{"id":2110,"date":"2013-07-12T09:17:38","date_gmt":"2013-07-12T07:17:38","guid":{"rendered":"http:\/\/blogs.diariosur.es\/-que-le-compro-\/?p=2110"},"modified":"2013-07-12T09:17:38","modified_gmt":"2013-07-12T07:17:38","slug":"casares-celebra-su-mercado-medieval-con-diversas-actividades-paralelas","status":"publish","type":"post","link":"https:\/\/blogs.diariosur.es\/-que-le-compro-\/2013\/07\/12\/casares-celebra-su-mercado-medieval-con-diversas-actividades-paralelas\/","title":{"rendered":"Casares celebra su mercado medieval con diversas actividades paralelas"},"content":{"rendered":"<div class=\"addthis_toolbox addthis_default_style \"><a class=\"addthis_button_facebook_like\" fb:like:width=\"115\" fb:like:layout=\"button_count\"><\/a><a class=\"addthis_button_tweet\"><\/a><a class=\"addthis_button_google_plusone\" g:plusone:size=\"medium\"><\/a><a class=\"addthis_counter addthis_pill_style\"><\/a><\/div\n\n<span style=\"color: #333399;\">Casares vuelve al pasado este fin de semana con la celebraci\u00f3n de su mercado medieval, que este a\u00f1o llega adem\u00e1s cargado de actividades paralelas. La fiesta comenzar\u00e1 este viernes a las 8 La fiesta medieval, pionera en la Costa del Sol, comienza el viernes a las 8 de la tarde con un pasacalle y animaci\u00f3n por la Compa\u00f1\u00eda Circo Tr\u00f3pico que ofrecer\u00e1 un espect\u00e1culo de danza a cargo del alumnado de la Escuela Municipal de Baile de Casares. El espect\u00e1culo de danza finalizar\u00e1 en el recinto del castillo, donde se inaugurar\u00e1 el mercado de artesan\u00eda.<br \/>\n<\/span><br \/>\n<span style=\"color: #333399;\"> Adem\u00e1s de disfrutar de los distintos expositores que participar\u00e1n en este gran bazar, entre las actividades que se celebrar\u00e1n destacan el baile, talleres de distinto tipo y los espect\u00e1culos de cetrer\u00eda y el Festival Espileta Sound, con la actuaci\u00f3n de los 10 grupos finalistas del concurso de maquetas as\u00ed como un taller de elaboraci\u00f3n del queso el s\u00e1bado por la ma\u00f1ana.<\/span><\/p>\n<p><span style=\"color: #333399;\"><strong>PROGRAMA DEL MERCADO MEDIEVAL2013<\/strong><\/span><\/p>\n<p><span style=\"text-decoration: underline; color: #333399;\">Viernes 12 de julio<\/span><br \/>\n<span style=\"color: #333399;\"> 20.00 h. Pasacalles y animaci\u00f3n por la Compa\u00f1\u00eda Circo Tr\u00f3pico,<\/span><br \/>\n<span style=\"color: #333399;\"> y Espect\u00e1culo de Danza a cargo de la Escuela Municipal de Baile de Casares.<\/span><br \/>\n<span style=\"color: #333399;\"> 21.00 h. Inauguraci\u00f3n del Mercado de Artesan\u00eda a cargo de la alcaldesa de Casares, Antonia Morera<\/span><br \/>\n<span style=\"color: #333399;\"> 21.30 h. Teatro: \u201cAlfredo, el tamborilero\u201d espect\u00e1culo con canciones y m\u00fasica en directo para todos los p\u00fablicos a cargo de la compa\u00f1\u00eda Trasto Teatro. En el Centro Cultural Blas Infante.<\/span><\/p>\n<p><span style=\"text-decoration: underline; color: #333399;\">S\u00e1bado 13 de julio<\/span><br \/>\n<span style=\"color: #333399;\"> 12.00 h. Teatro de t\u00edteres: \u201cJuana sin miedo\u201d a cargo de Alicia Bulul\u00fa. En la Plaza de Espa\u00f1a.<\/span><br \/>\n<span style=\"color: #333399;\"> 18.00 h. Apertura del Mercado de Artesan\u00eda<\/span><br \/>\n<span style=\"color: #333399;\"> Talleres:<\/span><br \/>\n<span style=\"color: #333399;\"> 18.30 h. Malabares. En la Plaza del Castillo.<\/span><br \/>\n<span style=\"color: #333399;\"> 18.30 h. Danza del Vientre. En el Centro Cultural Blas Infante<\/span><br \/>\n<span style=\"color: #333399;\"> 20.00 h. \u201cTitereando\u201d Fabricaci\u00f3n de marioneta. En la zona ajardinada del recinto del Castillo.<\/span><br \/>\n<span style=\"color: #333399;\"> 20.00 h. Bailes del Mundo con m\u00fasica en directo. En el Centro Cultural Blas Infante<\/span><br \/>\n<span style=\"color: #333399;\"> 21.30 h a 22.00 h. Actuaci\u00f3n de Malabares.<\/span><br \/>\n<span style=\"color: #333399;\"> 22.00 h a 22.30 h. Actuaci\u00f3n de Danza del Vientre.<\/span><br \/>\n<span style=\"color: #333399;\"> 22.30 h. DE LA TIERRA AL CIELO. En el Centro Cultural Blas Infante<\/span><br \/>\n<span style=\"color: #333399;\"> La Cuerda Producciones a\u00fana lazos con la Compa\u00f1\u00eda de Arte Circense Hipnopia desde Ibiza y la Asociaci\u00f3n de M\u00fasica Etnica Etnobabu de M\u00e1laga para crear un leitmotiv en torno a la figura de la mariposa y su simbolog\u00eda como met\u00e1fora de equilibrio, trasformaci\u00f3n y belleza de la vida.<\/span><br \/>\n<span style=\"color: #333399;\"> Un compendio de artes escenogr\u00e1ficas donde circo, expresi\u00f3n corporal, magia, baile y visuales se fusionan sobre m\u00fasica en directo de influencia andalus\u00ed.<\/span><br \/>\n<span style=\"color: #333399;\"> 01.00 h a 01.30 h. Espect\u00e1culo de Fuego.<\/span><\/p>\n<p><span style=\"text-decoration: underline; color: #333399;\">Domingo 14 de julio<\/span><br \/>\n<span style=\"color: #333399;\"> 11.00 h. Apertura del Mercado de Artesan\u00eda.<\/span><br \/>\n<span style=\"color: #333399;\"> 11.00 h a 21.00 h. Exhibici\u00f3n de Cetrer\u00eda en el Castillo.<\/span><br \/>\n<span style=\"color: #333399;\"> Disfruta de un momento inolvidable volando, t\u00fa mismo, una rapaz.<\/span><br \/>\n<span style=\"color: #333399;\"> Aguila Real, Buitre Dorsiblanco, Buitre encapuchado, \u00c1guilas de Harris, Halcones, B\u00faho Real, C\u00e1rabos, Lechuzas, Cern\u00edcalos, Ratoneros.<\/span><br \/>\n<span style=\"color: #333399;\"> Lince boreal, sunicata, lobo asi\u00e1tico, mofetas.<\/span><br \/>\n<span style=\"color: #333399;\"> 12.00 h a 13.00 h. Exhibici\u00f3n Cetrer\u00eda en la Plaza de Espa\u00f1a.<\/span><br \/>\n<span style=\"color: #333399;\"> 13.00 h. Conferencia sobre los \u201cOr\u00edgenes de Casares\u201d a cargo de Javier Martos de la Asociaci\u00f3n Iluana. En el Centro Cultural Blas Infante<\/span><br \/>\n<span style=\"color: #333399;\"> 20.30 h a 22.00 h. Concierto did\u00e1ctico \u201cBuscando un Tambor\u201d por la Asociaci\u00f3n Etnobabu. En el Centro Cultural Blas Infante<\/span><\/p>\n<p><script type=\"text\/javascript\">var addthis_config = {\"data_track_clickback\":true,\"data_track_addressbar\":false,\"data_track_textcopy\":false,\"ui_atversion\":\"300\"}; var addthis_product = 'wpp-3.0.2';<\/script><script type=\"text\/javascript\" src=\"\/\/s7.addthis.com\/js\/300\/addthis_widget.js#pubid=ra-50fc27702fb34fca\"><\/script><\/p>\n<p><span style=\"color: #333399;\"><strong>ACTIVIDADES PARALELAS<\/strong><\/span><br \/>\n<span style=\"color: #333399;\"> Festival Espileta Sound<\/span><br \/>\n<span style=\"color: #333399;\"> 12 y 13 de julio. Desde las 23.00 h.<\/span><br \/>\n<span style=\"color: #333399;\"> En la Plaza Marcelino Camacho<\/span><br \/>\n<span style=\"color: #333399;\"> Actuaci\u00f3n de los 10 grupos finalistas del concurso de maquetas: The Miskins Ronson, Enseco, Elsa Bh\u00f6r, I didn\u00b4t See the Car, Malaka Youth, los Ronkeras, Copa Turbo, Histeria Innokua, El Bast\u00f3n de la Vieja, Shame. Y de la banda invitada Afro Band<\/span><\/p>\n<p>&nbsp;<\/p>\n<p><span style=\"color: #333399;\">Taller de elaboraci\u00f3n de quesos, s\u00e1bado 13. De 9.30 \u00a0a 13.00 horas.<\/span><br \/>\n<span style=\"color: #333399;\"> Visita la granja y la f\u00e1brica donde podr\u00e1s degustar los productos elaborados de forma artesanal, conoce el proceso de transformaci\u00f3n de la leche en queso y ll\u00e9vate a casa un queso elaborado por ti.<\/span><br \/>\n<span style=\"color: #333399;\"> 18.00 h. Taller de fabricaci\u00f3n de una honda artesanal.\u00a0<\/span><br \/>\n<span style=\"color: #333399;\"> 19.00 h. I Campeonato de tiro con honda.<\/span><\/p>\n","protected":false},"excerpt":{"rendered":"","protected":false},"author":24,"featured_media":0,"comment_status":"open","ping_status":"open","sticky":false,"template":"","format":"standard","meta":[],"categories":[3,4],"tags":[1295,2049,2285,2430,3508],"_links":{"self":[{"href":"https:\/\/blogs.diariosur.es\/-que-le-compro-\/wp-json\/wp\/v2\/posts\/2110"}],"collection":[{"href":"https:\/\/blogs.diariosur.es\/-que-le-compro-\/wp-json\/wp\/v2\/posts"}],"about":[{"href":"https:\/\/blogs.diariosur.es\/-que-le-compro-\/wp-json\/wp\/v2\/types\/post"}],"author":[{"embeddable":true,"href":"https:\/\/blogs.diariosur.es\/-que-le-compro-\/wp-json\/wp\/v2\/users\/24"}],"replies":[{"embeddable":true,"href":"https:\/\/blogs.diariosur.es\/-que-le-compro-\/wp-json\/wp\/v2\/comments?post=2110"}],"version-history":[{"count":0,"href":"https:\/\/blogs.diariosur.es\/-que-le-compro-\/wp-json\/wp\/v2\/posts\/2110\/revisions"}],"wp:attachment":[{"href":"https:\/\/blogs.diariosur.es\/-que-le-compro-\/wp-json\/wp\/v2\/media?parent=2110"}],"wp:term":[{"taxonomy":"category","embeddable":true,"href":"https:\/\/blogs.diariosur.es\/-que-le-compro-\/wp-json\/wp\/v2\/categories?post=2110"},{"taxonomy":"post_tag","embeddable":true,"href":"https:\/\/blogs.diariosur.es\/-que-le-compro-\/wp-json\/wp\/v2\/tags?post=2110"}],"curies":[{"name":"wp","href":"https:\/\/api.w.org\/{rel}","templated":true}]}}