{"id":2111,"date":"2013-07-12T20:22:29","date_gmt":"2013-07-12T18:22:29","guid":{"rendered":"http:\/\/blogs.diariosur.es\/-que-le-compro-\/?p=2111"},"modified":"2013-07-12T20:22:29","modified_gmt":"2013-07-12T18:22:29","slug":"mercadillos-ecologicos-zoco-nocturno-en-muelle-uno-en-malaga","status":"publish","type":"post","link":"https:\/\/blogs.diariosur.es\/-que-le-compro-\/2013\/07\/12\/mercadillos-ecologicos-zoco-nocturno-en-muelle-uno-en-malaga\/","title":{"rendered":"Mercadillos ecol\u00f3gicos, medieval y zoco nocturno, este fin de semana en M\u00e1laga"},"content":{"rendered":"<p><span style=\"color: #333399;\">Pese al calor la oferta no decae, para alegr\u00eda de los que nos gustan los mercadillos, as\u00ed que tomad nota porque este fin de semana llega con varias opciones para elegir, una vez m\u00e1s. Para empezar por orden cronol\u00f3gico, la primera cita nos lleva a Casares, \u00a0que celebra su mercado medieval, con un amplio <a href=\"https:\/\/blogs.diariosur.es\/-que-le-compro-\/2013\/07\/12\/casares-celebra-su-mercado-medieval-con-diversas-actividades-paralelas\/\"><span style=\"color: #333399;\">programa de actividades paralelas<\/span><\/a> desde el viernes y hasta el domingo.<\/span><\/p>\n<div id=\"attachment_2112\" style=\"width: 460px\" class=\"wp-caption aligncenter\"><a href=\"\/-que-le-compro-\/wp-content\/uploads\/sites\/19\/2013\/07\/mercadillo-malagueta.jpg\"><img aria-describedby=\"caption-attachment-2112\" loading=\"lazy\" class=\"size-full wp-image-2112\" title=\"Mercadillo ecol\u00f3gico en La Malagueta, 13 de julio\" src=\"\/-que-le-compro-\/wp-content\/uploads\/sites\/19\/2013\/07\/mercadillo-malagueta.jpg\" alt=\"Mercadillo ecol\u00f3gico en La Malagueta, 13 de julio\" width=\"450\" height=\"624\" srcset=\"https:\/\/static-blogs.diariosur.es\/wp-content\/uploads\/sites\/19\/2013\/07\/mercadillo-malagueta.jpg 450w, https:\/\/static-blogs.diariosur.es\/wp-content\/uploads\/sites\/19\/2013\/07\/mercadillo-malagueta-216x300.jpg 216w\" sizes=\"(max-width: 450px) 100vw, 450px\" \/><\/a><p id=\"caption-attachment-2112\" class=\"wp-caption-text\">Mercadillo ecol\u00f3gico en La Malagueta, 13 de julio<\/p><\/div>\n<p><span style=\"color: #333399;\">Para este s\u00e1bado, la cita se traslada a M\u00e1laga capital, ya que la asociaci\u00f3n \u00a0<strong>Guadalhorce Ecol\u00f3gico<\/strong> pone en marcha un s\u00e1bado m\u00e1s su mercadillo en La Malagueta (en el entorno de la calle Cervantes y el Paseo de Reding, junto a la plaza de toros). Ya sab\u00e9is, como siempre productos frescos y sanos de la huerta tra\u00eddos sin intermediarios a precios muy razonables. De diez de la ma\u00f1ana a dos de la tarde. <\/span><\/p>\n<p><span style=\"color: #333399;\">La iniciativa se extender\u00e1 el domingo a Las Lagunas-Mijas, que\u00a0ofrecer\u00e1 alimentos ecol\u00f3gicos de temporada como tomates, pimientos, pepinos, calabacines, berenjenas, sand\u00edas, melones, ciruelas, cerezas junto a aceites, pan, mermeladas y art\u00edculos de reposter\u00eda, entre otros. Ser\u00e1 tambi\u00e9n de 10 a 14 horas en la avenida de Los Lirios s\/n, junto a la iglesia San Manuel.<\/span><\/p>\n<div id=\"attachment_2113\" style=\"width: 460px\" class=\"wp-caption aligncenter\"><a href=\"\/-que-le-compro-\/wp-content\/uploads\/sites\/19\/2013\/07\/zoco-nocturno.jpg\"><img aria-describedby=\"caption-attachment-2113\" loading=\"lazy\" class=\"size-full wp-image-2113\" title=\"Zoco nocturno en Muelle Uno, 14 de julio\" src=\"\/-que-le-compro-\/wp-content\/uploads\/sites\/19\/2013\/07\/zoco-nocturno.jpg\" alt=\"Zoco nocturno en Muelle Uno, 14 de julio\" width=\"450\" height=\"190\" srcset=\"https:\/\/static-blogs.diariosur.es\/wp-content\/uploads\/sites\/19\/2013\/07\/zoco-nocturno.jpg 450w, https:\/\/static-blogs.diariosur.es\/wp-content\/uploads\/sites\/19\/2013\/07\/zoco-nocturno-300x127.jpg 300w\" sizes=\"(max-width: 450px) 100vw, 450px\" \/><\/a><p id=\"caption-attachment-2113\" class=\"wp-caption-text\">Zoco nocturno en Muelle Uno, 14 de julio<\/p><\/div>\n<p><script type=\"text\/javascript\">var addthis_config = {\"data_track_clickback\":true,\"data_track_addressbar\":false,\"data_track_textcopy\":false,\"ui_atversion\":\"300\"}; var addthis_product = 'wpp-3.0.2';<\/script><script type=\"text\/javascript\" src=\"\/\/s7.addthis.com\/js\/300\/addthis_widget.js#pubid=ra-50fc27702fb34fca\"><\/script><\/p>\n<p><span style=\"color: #333399;\">Y tambi\u00e9n el domingo, pero ya por la noche, <strong>Muelle Uno<\/strong> organiza una nueva edici\u00f3n de su zoco mensual, que se celebrar\u00e1 de noche, de siete de la tarde a doce de la noche, con su habitual oferta de moda, complementos, art\u00edculos de decoraci\u00f3n y alimentaci\u00f3n gourmet.\u00a0<\/span><\/p>\n<p><span style=\"color: #333399;\">\u00a1Buen fin de semana!<\/span><\/p>\n","protected":false},"excerpt":{"rendered":"<p>Pese al calor la oferta no decae, para alegr\u00eda de los que nos gustan los mercadillos, as\u00ed que tomad nota porque este fin de semana llega con varias opciones para elegir, una vez m\u00e1s. Para empezar por orden cronol\u00f3gico, la primera cita nos lleva a Casares, \u00a0que celebra su mercado medieval, con un amplio programa [&hellip;]<\/p>\n","protected":false},"author":24,"featured_media":0,"comment_status":"open","ping_status":"open","sticky":false,"template":"","format":"standard","meta":[],"categories":[3,4],"tags":[311,2224,2430,3968],"_links":{"self":[{"href":"https:\/\/blogs.diariosur.es\/-que-le-compro-\/wp-json\/wp\/v2\/posts\/2111"}],"collection":[{"href":"https:\/\/blogs.diariosur.es\/-que-le-compro-\/wp-json\/wp\/v2\/posts"}],"about":[{"href":"https:\/\/blogs.diariosur.es\/-que-le-compro-\/wp-json\/wp\/v2\/types\/post"}],"author":[{"embeddable":true,"href":"https:\/\/blogs.diariosur.es\/-que-le-compro-\/wp-json\/wp\/v2\/users\/24"}],"replies":[{"embeddable":true,"href":"https:\/\/blogs.diariosur.es\/-que-le-compro-\/wp-json\/wp\/v2\/comments?post=2111"}],"version-history":[{"count":0,"href":"https:\/\/blogs.diariosur.es\/-que-le-compro-\/wp-json\/wp\/v2\/posts\/2111\/revisions"}],"wp:attachment":[{"href":"https:\/\/blogs.diariosur.es\/-que-le-compro-\/wp-json\/wp\/v2\/media?parent=2111"}],"wp:term":[{"taxonomy":"category","embeddable":true,"href":"https:\/\/blogs.diariosur.es\/-que-le-compro-\/wp-json\/wp\/v2\/categories?post=2111"},{"taxonomy":"post_tag","embeddable":true,"href":"https:\/\/blogs.diariosur.es\/-que-le-compro-\/wp-json\/wp\/v2\/tags?post=2111"}],"curies":[{"name":"wp","href":"https:\/\/api.w.org\/{rel}","templated":true}]}}