{"id":2114,"date":"2013-07-15T17:32:20","date_gmt":"2013-07-15T15:32:20","guid":{"rendered":"http:\/\/blogs.diariosur.es\/-que-le-compro-\/?p=2114"},"modified":"2013-07-15T17:32:20","modified_gmt":"2013-07-15T15:32:20","slug":"ca-y-monigotes-cierran-sus-tiendas-en-el-centro-de-malaga-con-liquidacion","status":"publish","type":"post","link":"https:\/\/blogs.diariosur.es\/-que-le-compro-\/2013\/07\/15\/ca-y-monigotes-cierran-sus-tiendas-en-el-centro-de-malaga-con-liquidacion\/","title":{"rendered":"Liquidaci\u00f3n en C&#038;A y Monigotes por el cierre de sus tiendas en el centro de M\u00e1laga. Los que llegan"},"content":{"rendered":"<p><span style=\"color: #333399;\">Parece que va por oleadas, desgraciadamente. Si \u00faltimamente \u00a0hab\u00edamos hablado de la llegada de nuevas tiendas a M\u00e1laga, hoy toca hablar de otras que se van. Las dos est\u00e1n en el Centro de la capital. Una es<strong> Monigotes<\/strong>, la firma de moda infantil que echa la persiana a su local en Alarc\u00f3n Luj\u00e1n, aunque mantendr\u00e1 sus dos comercios en Rinc\u00f3n de la Victoria. Y mientras se despide de su p\u00fablico ofrece sus prendas a precios a\u00fan m\u00e1s bajos. Lo mismo hace <strong>C&#038;A,<\/strong> que en breve cerrar\u00e1 tambi\u00e9n su tienda en la calle Liborio Garc\u00eda, por lo que liquida sus art\u00edculos (moda y complementos para toda la familia, incluido premam\u00e1) a un 50% de descuento. As\u00ed que con estas promociones no dej\u00e9is pasar la oportunidad, porque literalmente los percheros comienzan a quedarse vac\u00edos.<\/span><\/p>\n<p><span style=\"color: #333399;\">Pero como la actividad en el Centro no para, afortunadamente, ya se sabe qui\u00e9n ocupar\u00e1 el vac\u00edo dejado por la hist\u00f3rica zapater\u00eda Nicol\u00e1s, en la calle Larios. Ser\u00e1 el grupo Cortefiel, que abrir\u00e1 una franquicia de<strong> Springfield<\/strong> en este emblem\u00e1tico lugar.\u00a0<\/span><\/p>\n<p><script type=\"text\/javascript\">var addthis_config = {\"data_track_clickback\":true,\"data_track_addressbar\":false,\"data_track_textcopy\":false,\"ui_atversion\":\"300\"}; var addthis_product = 'wpp-3.0.2';<\/script><script type=\"text\/javascript\" src=\"\/\/s7.addthis.com\/js\/300\/addthis_widget.js#pubid=ra-50fc27702fb34fca\"><\/script><\/p>\n<p><span style=\"color: #333399;\">Por su parte, el dise\u00f1ador <strong>Rafael Urqu\u00edzar<\/strong>\u00a0anuncia la pr\u00f3xima apertura de su nuevo atelier en la calle Calder\u00f3n de la Barca.<\/span><\/p>\n","protected":false},"excerpt":{"rendered":"<p>Parece que va por oleadas, desgraciadamente. Si \u00faltimamente \u00a0hab\u00edamos hablado de la llegada de nuevas tiendas a M\u00e1laga, hoy toca hablar de otras que se van. Las dos est\u00e1n en el Centro de la capital. Una es Monigotes, la firma de moda infantil que echa la persiana a su local en Alarc\u00f3n Luj\u00e1n, aunque mantendr\u00e1 [&hellip;]<\/p>\n","protected":false},"author":24,"featured_media":0,"comment_status":"open","ping_status":"open","sticky":false,"template":"","format":"standard","meta":[],"categories":[7],"tags":[2535,3098,3692,3699,3947],"_links":{"self":[{"href":"https:\/\/blogs.diariosur.es\/-que-le-compro-\/wp-json\/wp\/v2\/posts\/2114"}],"collection":[{"href":"https:\/\/blogs.diariosur.es\/-que-le-compro-\/wp-json\/wp\/v2\/posts"}],"about":[{"href":"https:\/\/blogs.diariosur.es\/-que-le-compro-\/wp-json\/wp\/v2\/types\/post"}],"author":[{"embeddable":true,"href":"https:\/\/blogs.diariosur.es\/-que-le-compro-\/wp-json\/wp\/v2\/users\/24"}],"replies":[{"embeddable":true,"href":"https:\/\/blogs.diariosur.es\/-que-le-compro-\/wp-json\/wp\/v2\/comments?post=2114"}],"version-history":[{"count":0,"href":"https:\/\/blogs.diariosur.es\/-que-le-compro-\/wp-json\/wp\/v2\/posts\/2114\/revisions"}],"wp:attachment":[{"href":"https:\/\/blogs.diariosur.es\/-que-le-compro-\/wp-json\/wp\/v2\/media?parent=2114"}],"wp:term":[{"taxonomy":"category","embeddable":true,"href":"https:\/\/blogs.diariosur.es\/-que-le-compro-\/wp-json\/wp\/v2\/categories?post=2114"},{"taxonomy":"post_tag","embeddable":true,"href":"https:\/\/blogs.diariosur.es\/-que-le-compro-\/wp-json\/wp\/v2\/tags?post=2114"}],"curies":[{"name":"wp","href":"https:\/\/api.w.org\/{rel}","templated":true}]}}