{"id":2151,"date":"2013-08-01T16:29:15","date_gmt":"2013-08-01T14:29:15","guid":{"rendered":"http:\/\/blogs.diariosur.es\/-que-le-compro-\/?p=2151"},"modified":"2013-08-01T16:29:15","modified_gmt":"2013-08-01T14:29:15","slug":"entradas-gratis-conciertos-david-bisbal-starlite-festival-enrique-iglesias-de-parque-miramar","status":"publish","type":"post","link":"https:\/\/blogs.diariosur.es\/-que-le-compro-\/2013\/08\/01\/entradas-gratis-conciertos-david-bisbal-starlite-festival-enrique-iglesias-de-parque-miramar\/","title":{"rendered":"Parque Miramar sortea entradas gratis para conciertos del Starlite Festival 2013"},"content":{"rendered":"<p><span style=\"color: #333399;\">\u00bfTe apetece asistir al <strong>Starlite Festival<\/strong> que se celebra en Marbella este mes? Pues ahora tienes una oportunidad de conseguir entradas gratis para los conciertos de Mal\u00fa, Paco de Luc\u00eda, Enrique Iglesias o David Bisbal. \u00bfC\u00f3mo? Pues \u00a0para empezar tienes que entrar en la <strong><a href=\"https:\/\/www.facebook.com\/parquemiramar\" rel=\"external nofollow\">p\u00e1gina de Facebook<\/a><\/strong> del centro comercial Parque Miramar, que es quien sortea 14 localidades dobles para estos espect\u00e1culos.<\/span><\/p>\n<p><span style=\"color: #333399;\">Para participar solo es necesario elegir a qu\u00e9 concierto se querr\u00eda asistir. El proceso de registro en el sorteo se efectuar\u00e1 desde la p\u00e1gina de Facebook del centro comercial \u00a0<a href=\"https:\/\/apps.facebook.com\/easypromos\/promotions\/102078\" rel=\"external nofollow\">dentro de la pesta\u00f1a del sorteo.<\/a><\/span><\/p>\n<p><span style=\"color: #333399;\"> El plazo de participaci\u00f3n finaliza el pr\u00f3ximo d\u00eda 11, domingo a las 23.59 para los conciertos de Mal\u00fa, Paco de Luc\u00eda y Enrique Iglesias, y el martes\u00a020 de agosto para los usuarios que quieran participar en el sorteo de entradas para el concierto de David Bisbal. \u00a1Suerte!<\/span><\/p>\n<p><span style=\"color: #333399;\">Los conciertos tendr\u00e1n lugar en La Cantera de Nag\u00fceles\u201d (Auditorio de Marbella) en las siguientes fechas:<\/span><\/p>\n<p><span style=\"color: #333399;\">\u2022 Mal\u00fa: 14 de agosto<\/span><br \/>\n<span style=\"color: #333399;\">\u2022 Paco de Luc\u00eda: 15 de agosto<\/span><br \/>\n<span style=\"color: #333399;\">\u2022 Enrique Iglesias: 17 de agosto<\/span><br \/>\n<span style=\"color: #333399;\">\u2022 David Bisbal: 24 de agosto<\/span><\/p>\n<p><script type=\"text\/javascript\">var addthis_config = {\"data_track_clickback\":true,\"data_track_addressbar\":false,\"data_track_textcopy\":false,\"ui_atversion\":\"300\"}; var addthis_product = 'wpp-3.0.2';<\/script><script type=\"text\/javascript\" src=\"\/\/s7.addthis.com\/js\/300\/addthis_widget.js#pubid=ra-50fc27702fb34fca\"><\/script><\/p>\n<p><a href=\"\/-que-le-compro-\/wp-content\/uploads\/sites\/19\/2013\/08\/entradas-starlite.jpg\"><img loading=\"lazy\" class=\"aligncenter size-full wp-image-2152\" title=\"Entradas gratis para Starlite Festiavl Marbella 2013\" src=\"\/-que-le-compro-\/wp-content\/uploads\/sites\/19\/2013\/08\/entradas-starlite.jpg\" alt=\"Entradas gratis para Starlite Festiavl Marbella 2013\" width=\"450\" height=\"280\" srcset=\"https:\/\/static-blogs.diariosur.es\/wp-content\/uploads\/sites\/19\/2013\/08\/entradas-starlite.jpg 450w, https:\/\/static-blogs.diariosur.es\/wp-content\/uploads\/sites\/19\/2013\/08\/entradas-starlite-300x187.jpg 300w\" sizes=\"(max-width: 450px) 100vw, 450px\" \/><\/a><\/p>\n","protected":false},"excerpt":{"rendered":"<p>\u00bfTe apetece asistir al Starlite Festival que se celebra en Marbella este mes? Pues ahora tienes una oportunidad de conseguir entradas gratis para los conciertos de Mal\u00fa, Paco de Luc\u00eda, Enrique Iglesias o David Bisbal. \u00bfC\u00f3mo? Pues \u00a0para empezar tienes que entrar en la p\u00e1gina de Facebook del centro comercial Parque Miramar, que es quien [&hellip;]<\/p>\n","protected":false},"author":24,"featured_media":0,"comment_status":"open","ping_status":"open","sticky":false,"template":"","format":"standard","meta":[],"categories":[2,3],"tags":[701,858,861,862,1271,3459],"_links":{"self":[{"href":"https:\/\/blogs.diariosur.es\/-que-le-compro-\/wp-json\/wp\/v2\/posts\/2151"}],"collection":[{"href":"https:\/\/blogs.diariosur.es\/-que-le-compro-\/wp-json\/wp\/v2\/posts"}],"about":[{"href":"https:\/\/blogs.diariosur.es\/-que-le-compro-\/wp-json\/wp\/v2\/types\/post"}],"author":[{"embeddable":true,"href":"https:\/\/blogs.diariosur.es\/-que-le-compro-\/wp-json\/wp\/v2\/users\/24"}],"replies":[{"embeddable":true,"href":"https:\/\/blogs.diariosur.es\/-que-le-compro-\/wp-json\/wp\/v2\/comments?post=2151"}],"version-history":[{"count":0,"href":"https:\/\/blogs.diariosur.es\/-que-le-compro-\/wp-json\/wp\/v2\/posts\/2151\/revisions"}],"wp:attachment":[{"href":"https:\/\/blogs.diariosur.es\/-que-le-compro-\/wp-json\/wp\/v2\/media?parent=2151"}],"wp:term":[{"taxonomy":"category","embeddable":true,"href":"https:\/\/blogs.diariosur.es\/-que-le-compro-\/wp-json\/wp\/v2\/categories?post=2151"},{"taxonomy":"post_tag","embeddable":true,"href":"https:\/\/blogs.diariosur.es\/-que-le-compro-\/wp-json\/wp\/v2\/tags?post=2151"}],"curies":[{"name":"wp","href":"https:\/\/api.w.org\/{rel}","templated":true}]}}