{"id":2153,"date":"2013-08-02T17:33:43","date_gmt":"2013-08-02T15:33:43","guid":{"rendered":"http:\/\/blogs.diariosur.es\/-que-le-compro-\/?p=2153"},"modified":"2013-08-02T17:33:43","modified_gmt":"2013-08-02T15:33:43","slug":"mercadillos-en-malaga-primer-fin-de-semana-de-agosto","status":"publish","type":"post","link":"https:\/\/blogs.diariosur.es\/-que-le-compro-\/2013\/08\/02\/mercadillos-en-malaga-primer-fin-de-semana-de-agosto\/","title":{"rendered":"Mercadillos en M\u00e1laga primer fin de semana de agosto"},"content":{"rendered":"<p><span style=\"color: #000080;\">El primer fin de semana de agosto llega cargado de planes para los aficionados a los mercadillos. Al margen de la cita de este verano de los viernes en Fuengirola con el <strong><a href=\"http:\/\/www.diariosur.es\/20130719\/local\/malaga\/jovenes-disenadores-toman-parque-201307190059.html\" rel=\"external nofollow\"><span style=\"color: #000080;\">Fuengirola Summer Market<\/span><\/a><\/strong>, el m\u00e1s madrugador del s\u00e1bado ser\u00e1 el de <strong>La Casa Invisible<\/strong>, que se celebrar\u00e1 de 12 a 18 horas, ya sab\u00e9is, en la calle Nosquera, en pleno Centro de M\u00e1laga. <\/span><\/p>\n<p><a href=\"\/-que-le-compro-\/wp-content\/uploads\/sites\/19\/2013\/08\/blog-invisible.jpg\"><img loading=\"lazy\" class=\"aligncenter size-full wp-image-2155\" title=\"blog-invisible\" src=\"\/-que-le-compro-\/wp-content\/uploads\/sites\/19\/2013\/08\/blog-invisible.jpg\" alt=\"\" width=\"679\" height=\"960\" srcset=\"https:\/\/static-blogs.diariosur.es\/wp-content\/uploads\/sites\/19\/2013\/08\/blog-invisible.jpg 679w, https:\/\/static-blogs.diariosur.es\/wp-content\/uploads\/sites\/19\/2013\/08\/blog-invisible-212x300.jpg 212w\" sizes=\"(max-width: 679px) 100vw, 679px\" \/><\/a><\/p>\n<p>&nbsp;<\/p>\n<p><span style=\"color: #000080;\">El relevo lo tomar\u00e1 por la tarde-noche el Puerto Marina Market, que celebra su quinta edici\u00f3n y que por segunda vez ofrece horario nocturno. Ser\u00e1 de siete de la tarde a una de la madrugada y reunir\u00e1 objetos de moda, complementos, artesan\u00eda y alimentos gourmet, entre otros. \u00a0La cita, como siempre, al final de calle Fragata, en Puerto Marina, en el primer parking privado.<\/span><\/p>\n<p><a href=\"\/-que-le-compro-\/wp-content\/uploads\/sites\/19\/2013\/08\/blog-kimonos.jpg\"><img loading=\"lazy\" class=\"aligncenter size-full wp-image-2154\" title=\"Kimonos de CATs Vintage\" src=\"\/-que-le-compro-\/wp-content\/uploads\/sites\/19\/2013\/08\/blog-kimonos.jpg\" alt=\"Kimonos de CATs Vintage\" width=\"450\" height=\"426\" srcset=\"https:\/\/static-blogs.diariosur.es\/wp-content\/uploads\/sites\/19\/2013\/08\/blog-kimonos.jpg 450w, https:\/\/static-blogs.diariosur.es\/wp-content\/uploads\/sites\/19\/2013\/08\/blog-kimonos-300x284.jpg 300w\" sizes=\"(max-width: 450px) 100vw, 450px\" \/><\/a><\/p>\n<p><span style=\"color: #000080;\">Paralelamente, el club de p\u00e1del y tenis El Candado ofrece un interesante plan para el s\u00e1bado por la noche con <strong><a href=\"https:\/\/blogs.diariosur.es\/-que-le-compro-\/2013\/06\/12\/presentacion-de-la-nueva-coleccion-de-cats-vintage-entrevista-a-mayi-montes\/\">CATs Vintage<\/a><\/strong>, que exhibir\u00e1 algunos de sus aut\u00e9nticos kimonos japoneses. La velada &#8216;C\u00f3ctel a la japonesa&#8217; empezar\u00e1 a partir de las 22 horas y se pueden hacer reservas para la cena al 649 87 50 02.<\/span><\/p>\n<p><span style=\"color: #000080;\">El domingo la oferta no decae, sino todo lo contrario. La jornada, como siempre, la abrir\u00e1 el mercadillo <strong>Ba\u00f1os del Carmen<\/strong>, que se mantiene fiel y se celebra de diez de la ma\u00f1ana a tres de la tarde. Una vez m\u00e1s las decenas de participantes de esta convocatoria mensual ofrecer\u00e1n mucho para elegir entre art\u00edculos para el beb\u00e9, complementos de todo el tipo, moda, artesan\u00eda, plantas, gourmet y mucho m\u00e1s. En el paseo mar\u00edtimo de El Palo, como siempre.<\/span><\/p>\n<p><a href=\"\/-que-le-compro-\/wp-content\/uploads\/sites\/19\/2013\/08\/blog-rastrillo-marbella.jpg\"><img loading=\"lazy\" class=\"aligncenter size-full wp-image-2156\" title=\"Rastrillo de Proyecto Hombre Marbella, 4 de agosto\" src=\"\/-que-le-compro-\/wp-content\/uploads\/sites\/19\/2013\/08\/blog-rastrillo-marbella.jpg\" alt=\"Rastrillo de Proyecto Hombre Marbella, 4 de agosto\" width=\"450\" height=\"196\" srcset=\"https:\/\/static-blogs.diariosur.es\/wp-content\/uploads\/sites\/19\/2013\/08\/blog-rastrillo-marbella.jpg 450w, https:\/\/static-blogs.diariosur.es\/wp-content\/uploads\/sites\/19\/2013\/08\/blog-rastrillo-marbella-300x131.jpg 300w\" sizes=\"(max-width: 450px) 100vw, 450px\" \/><\/a><\/p>\n<p><span style=\"color: #000080;\">Tambi\u00e9n <strong>Marbella<\/strong> organizar\u00e1 un mercadillo desde las diez de la ma\u00f1ana. Ser\u00e1 el Rastrillo que\u00a0Horizonte Proyecto Hombre organiza en el Parque de la Alameda y en el que podr\u00e1n adquirirse, entre otros, art\u00edculos de bisuter\u00eda, jugueter\u00eda, regalos, decoraci\u00f3n, cultura y moda, entre otros. La recaudaci\u00f3n \u00edntegra se destinar\u00e1 a seguir atendiendo los programas de atenci\u00f3n a menores en barrios, las escuelas de familia, y la prevenci\u00f3n o rehabilitaci\u00f3n de adicciones de esta asociaci\u00f3n.<\/span><\/p>\n<p><span style=\"color: #000080;\">Y para acabar el d\u00eda, <strong>Muelle Uno<\/strong>, de nuevo en M\u00e1laga capital, acoge su zoco m\u00e1s ecol\u00f3gico con la celebraci\u00f3n del <strong>Green Market<\/strong> de ocho de la tarde a una de la ma\u00f1ana.\u00a0<\/span><\/p>\n<p><script type=\"text\/javascript\">var addthis_config = {\"data_track_clickback\":true,\"data_track_addressbar\":false,\"data_track_textcopy\":false,\"ui_atversion\":\"300\"}; var addthis_product = 'wpp-3.0.2';<\/script><script type=\"text\/javascript\" src=\"\/\/s7.addthis.com\/js\/300\/addthis_widget.js#pubid=ra-50fc27702fb34fca\"><\/script><\/p>\n<p><span style=\"color: #000080;\">\u00a1\u00a1Buen fin de semana!!<\/span><\/p>\n","protected":false},"excerpt":{"rendered":"<p>El primer fin de semana de agosto llega cargado de planes para los aficionados a los mercadillos. Al margen de la cita de este verano de los viernes en Fuengirola con el Fuengirola Summer Market, el m\u00e1s madrugador del s\u00e1bado ser\u00e1 el de La Casa Invisible, que se celebrar\u00e1 de 12 a 18 horas, ya [&hellip;]<\/p>\n","protected":false},"author":24,"featured_media":0,"comment_status":"open","ping_status":"open","sticky":false,"template":"","format":"standard","meta":[],"categories":[3,4],"tags":[1571,1858,2181,2559,3051,3066],"_links":{"self":[{"href":"https:\/\/blogs.diariosur.es\/-que-le-compro-\/wp-json\/wp\/v2\/posts\/2153"}],"collection":[{"href":"https:\/\/blogs.diariosur.es\/-que-le-compro-\/wp-json\/wp\/v2\/posts"}],"about":[{"href":"https:\/\/blogs.diariosur.es\/-que-le-compro-\/wp-json\/wp\/v2\/types\/post"}],"author":[{"embeddable":true,"href":"https:\/\/blogs.diariosur.es\/-que-le-compro-\/wp-json\/wp\/v2\/users\/24"}],"replies":[{"embeddable":true,"href":"https:\/\/blogs.diariosur.es\/-que-le-compro-\/wp-json\/wp\/v2\/comments?post=2153"}],"version-history":[{"count":0,"href":"https:\/\/blogs.diariosur.es\/-que-le-compro-\/wp-json\/wp\/v2\/posts\/2153\/revisions"}],"wp:attachment":[{"href":"https:\/\/blogs.diariosur.es\/-que-le-compro-\/wp-json\/wp\/v2\/media?parent=2153"}],"wp:term":[{"taxonomy":"category","embeddable":true,"href":"https:\/\/blogs.diariosur.es\/-que-le-compro-\/wp-json\/wp\/v2\/categories?post=2153"},{"taxonomy":"post_tag","embeddable":true,"href":"https:\/\/blogs.diariosur.es\/-que-le-compro-\/wp-json\/wp\/v2\/tags?post=2153"}],"curies":[{"name":"wp","href":"https:\/\/api.w.org\/{rel}","templated":true}]}}