{"id":2157,"date":"2013-08-04T23:16:08","date_gmt":"2013-08-04T21:16:08","guid":{"rendered":"http:\/\/blogs.diariosur.es\/-que-le-compro-\/?p=2157"},"modified":"2013-08-04T23:16:08","modified_gmt":"2013-08-04T21:16:08","slug":"joyas-solidarias-de-balay-tu-eres-la-pieza-que-nos-falta","status":"publish","type":"post","link":"https:\/\/blogs.diariosur.es\/-que-le-compro-\/2013\/08\/04\/joyas-solidarias-de-balay-tu-eres-la-pieza-que-nos-falta\/","title":{"rendered":"Joyas solidarias de Balay: T\u00fa eres la pieza que nos falta"},"content":{"rendered":"<p>No ha nacido en M\u00e1laga, que suele ser el \u00e1mbito de referencia de este blog, pero me vais a permitir que os hable de una iniciativa que ha surgido en Zaragoza y que seguramente habr\u00e9is visto anunciada en televisi\u00f3n. Me refiero a la campa\u00f1a lanzada por <strong>Balay<\/strong> y que se llama <strong>T\u00fa eres la pieza que nos falta.\u00a0<\/strong>A un grupo de trabajadores de esta empresa en la f\u00e1brica de Monta\u00f1ana, en la capital aragonesa, se les ocurri\u00f3 que los tornillos, tuercas y otros objetos que sobran en la producci\u00f3n de electrodom\u00e9sticos podr\u00edan tener otra vida. E incluso un fin solidario.<\/p>\n<div id=\"attachment_2158\" style=\"width: 560px\" class=\"wp-caption aligncenter\"><a href=\"\/-que-le-compro-\/wp-content\/uploads\/sites\/19\/2013\/08\/balay-joyas.jpg\"><img aria-describedby=\"caption-attachment-2158\" loading=\"lazy\" class=\"size-full wp-image-2158\" title=\"Joyas solidarias de Balay\" src=\"\/-que-le-compro-\/wp-content\/uploads\/sites\/19\/2013\/08\/balay-joyas.jpg\" alt=\"Joyas solidarias de Balay\" width=\"550\" height=\"208\" srcset=\"https:\/\/static-blogs.diariosur.es\/wp-content\/uploads\/sites\/19\/2013\/08\/balay-joyas.jpg 550w, https:\/\/static-blogs.diariosur.es\/wp-content\/uploads\/sites\/19\/2013\/08\/balay-joyas-300x113.jpg 300w\" sizes=\"(max-width: 550px) 100vw, 550px\" \/><\/a><p id=\"caption-attachment-2158\" class=\"wp-caption-text\">Joyas solidarias de Balay<\/p><\/div>\n<p>Y as\u00ed es, m\u00e1s o menos, como surgi\u00f3 una original y bonita campa\u00f1a de joyas compuesta por seis pulseras y ocho collares y en la que ha colaborado la dise\u00f1adora <strong>Elena Estaun<\/strong>. Sus precios oscilan entre los 19 y los 49 euros y la recaudaci\u00f3n se donar\u00e1 al comedor social de la <strong>Fundaci\u00f3n Adunare<\/strong>, en Zaragoza.\u00a0Esta entidad no solo ofrece alimentos a los que m\u00e1s lo necesitan, sino que su intenci\u00f3n tambi\u00e9n es mejorar la calidad de vida de las personas que acuden a su centro.<\/p>\n<p><script type=\"text\/javascript\">var addthis_config = {\"data_track_clickback\":true,\"data_track_addressbar\":false,\"data_track_textcopy\":false,\"ui_atversion\":\"300\"}; var addthis_product = 'wpp-3.0.2';<\/script><script type=\"text\/javascript\" src=\"\/\/s7.addthis.com\/js\/300\/addthis_widget.js#pubid=ra-50fc27702fb34fca\"><\/script><\/p>\n<p>Aqu\u00ed pod\u00e9is ver en fotos algunas de las piezas que componen esta solidaria colecci\u00f3n, que os recuerdo pod\u00e9is adquirir a trav\u00e9s de la <strong><a href=\"http:\/\/www.balay-eshop.com\/eshop\/balay\/es\/pulseras-y-collares.htm\" rel=\"external nofollow\">e-shop de Balay pinchando aqu\u00ed\u00a0<\/a><\/strong><\/p>\n<div id=\"attachment_2159\" style=\"width: 310px\" class=\"wp-caption aligncenter\"><a href=\"\/-que-le-compro-\/wp-content\/uploads\/sites\/19\/2013\/08\/collar39-2.jpg\"><img aria-describedby=\"caption-attachment-2159\" loading=\"lazy\" class=\"size-full wp-image-2159\" title=\"Uno de los collares de la colecci\u00f3n (39 euros)\" src=\"\/-que-le-compro-\/wp-content\/uploads\/sites\/19\/2013\/08\/collar39-2.jpg\" alt=\"Uno de los collares de la colecci\u00f3n (39 euros)\" width=\"300\" height=\"300\" srcset=\"https:\/\/static-blogs.diariosur.es\/wp-content\/uploads\/sites\/19\/2013\/08\/collar39-2.jpg 300w, https:\/\/static-blogs.diariosur.es\/wp-content\/uploads\/sites\/19\/2013\/08\/collar39-2-150x150.jpg 150w\" sizes=\"(max-width: 300px) 100vw, 300px\" \/><\/a><p id=\"caption-attachment-2159\" class=\"wp-caption-text\">Uno de los collares de la colecci\u00f3n (39 euros)<\/p><\/div>\n<p>&nbsp;<\/p>\n<div id=\"attachment_2160\" style=\"width: 310px\" class=\"wp-caption aligncenter\"><a href=\"\/-que-le-compro-\/wp-content\/uploads\/sites\/19\/2013\/08\/collar39jpg.jpg\"><img aria-describedby=\"caption-attachment-2160\" loading=\"lazy\" class=\"size-full wp-image-2160\" title=\"Uno de los collares de la colecci\u00f3n (39 euros)\" src=\"\/-que-le-compro-\/wp-content\/uploads\/sites\/19\/2013\/08\/collar39jpg.jpg\" alt=\"Uno de los collares de la colecci\u00f3n (39 euros)\" width=\"300\" height=\"300\" srcset=\"https:\/\/static-blogs.diariosur.es\/wp-content\/uploads\/sites\/19\/2013\/08\/collar39jpg.jpg 300w, https:\/\/static-blogs.diariosur.es\/wp-content\/uploads\/sites\/19\/2013\/08\/collar39jpg-150x150.jpg 150w\" sizes=\"(max-width: 300px) 100vw, 300px\" \/><\/a><p id=\"caption-attachment-2160\" class=\"wp-caption-text\">Uno de los collares de la colecci\u00f3n (39 euros)<\/p><\/div>\n<p>&nbsp;<\/p>\n<div id=\"attachment_2161\" style=\"width: 310px\" class=\"wp-caption aligncenter\"><a href=\"\/-que-le-compro-\/wp-content\/uploads\/sites\/19\/2013\/08\/pulsera1.jpg\"><img aria-describedby=\"caption-attachment-2161\" loading=\"lazy\" class=\"size-full wp-image-2161\" title=\"Pulsera hecha con piezas de Balay (19 euros)\" src=\"\/-que-le-compro-\/wp-content\/uploads\/sites\/19\/2013\/08\/pulsera1.jpg\" alt=\"Pulsera hecha con piezas de Balay (19 euros)\" width=\"300\" height=\"300\" srcset=\"https:\/\/static-blogs.diariosur.es\/wp-content\/uploads\/sites\/19\/2013\/08\/pulsera1.jpg 300w, https:\/\/static-blogs.diariosur.es\/wp-content\/uploads\/sites\/19\/2013\/08\/pulsera1-150x150.jpg 150w\" sizes=\"(max-width: 300px) 100vw, 300px\" \/><\/a><p id=\"caption-attachment-2161\" class=\"wp-caption-text\">Pulsera hecha con piezas de Balay (19 euros)<\/p><\/div>\n","protected":false},"excerpt":{"rendered":"<p>No ha nacido en M\u00e1laga, que suele ser el \u00e1mbito de referencia de este blog, pero me vais a permitir que os hable de una iniciativa que ha surgido en Zaragoza y que seguramente habr\u00e9is visto anunciada en televisi\u00f3n. Me refiero a la campa\u00f1a lanzada por Balay y que se llama T\u00fa eres la pieza [&hellip;]<\/p>\n","protected":false},"author":24,"featured_media":0,"comment_status":"open","ping_status":"open","sticky":false,"template":"","format":"standard","meta":[],"categories":[6],"tags":[363,846,1233,1491,1783,2540,3800],"_links":{"self":[{"href":"https:\/\/blogs.diariosur.es\/-que-le-compro-\/wp-json\/wp\/v2\/posts\/2157"}],"collection":[{"href":"https:\/\/blogs.diariosur.es\/-que-le-compro-\/wp-json\/wp\/v2\/posts"}],"about":[{"href":"https:\/\/blogs.diariosur.es\/-que-le-compro-\/wp-json\/wp\/v2\/types\/post"}],"author":[{"embeddable":true,"href":"https:\/\/blogs.diariosur.es\/-que-le-compro-\/wp-json\/wp\/v2\/users\/24"}],"replies":[{"embeddable":true,"href":"https:\/\/blogs.diariosur.es\/-que-le-compro-\/wp-json\/wp\/v2\/comments?post=2157"}],"version-history":[{"count":0,"href":"https:\/\/blogs.diariosur.es\/-que-le-compro-\/wp-json\/wp\/v2\/posts\/2157\/revisions"}],"wp:attachment":[{"href":"https:\/\/blogs.diariosur.es\/-que-le-compro-\/wp-json\/wp\/v2\/media?parent=2157"}],"wp:term":[{"taxonomy":"category","embeddable":true,"href":"https:\/\/blogs.diariosur.es\/-que-le-compro-\/wp-json\/wp\/v2\/categories?post=2157"},{"taxonomy":"post_tag","embeddable":true,"href":"https:\/\/blogs.diariosur.es\/-que-le-compro-\/wp-json\/wp\/v2\/tags?post=2157"}],"curies":[{"name":"wp","href":"https:\/\/api.w.org\/{rel}","templated":true}]}}