{"id":2162,"date":"2013-08-07T14:14:42","date_gmt":"2013-08-07T12:14:42","guid":{"rendered":"http:\/\/blogs.diariosur.es\/-que-le-compro-\/?p=2162"},"modified":"2013-08-07T14:14:42","modified_gmt":"2013-08-07T12:14:42","slug":"guillaume-gifts-bandidas-regalos-cerrado-de-calderon","status":"publish","type":"post","link":"https:\/\/blogs.diariosur.es\/-que-le-compro-\/2013\/08\/07\/guillaume-gifts-bandidas-regalos-cerrado-de-calderon\/","title":{"rendered":"Guillaume Gifts: regalos, complementos de Bandidas y m\u00e1s en Cerrado de Calder\u00f3n"},"content":{"rendered":"<p><span style=\"color: #000080;\">Lleva tiempo siendo el alma mater de Bandidas, y decidi\u00f3 dar el salto y lanzarse a montar su propio negocio. Precedida por el \u00e9xito en mercadillos de sus originales complementos, que tienen como elemento base y estrella los pa\u00f1uelos conocidos como bandanas, es un ejemplo claro de que, pese a los tiempos dif\u00edciles que corren, querer es poder.<\/span><\/p>\n<div id=\"attachment_2163\" style=\"width: 460px\" class=\"wp-caption aligncenter\"><span style=\"color: #000080;\"><a href=\"\/-que-le-compro-\/wp-content\/uploads\/sites\/19\/2013\/08\/blog-tienda3.jpg\"><span style=\"color: #000080;\"><img aria-describedby=\"caption-attachment-2163\" loading=\"lazy\" class=\"size-full wp-image-2163\" title=\"Marta Guillaume, en el stand de Bandidas en su tienda\" src=\"\/-que-le-compro-\/wp-content\/uploads\/sites\/19\/2013\/08\/blog-tienda3.jpg\" alt=\"Marta Guillaume, en el stand de Bandidas en su tienda\" width=\"450\" height=\"600\" srcset=\"https:\/\/static-blogs.diariosur.es\/wp-content\/uploads\/sites\/19\/2013\/08\/blog-tienda3.jpg 450w, https:\/\/static-blogs.diariosur.es\/wp-content\/uploads\/sites\/19\/2013\/08\/blog-tienda3-225x300.jpg 225w\" sizes=\"(max-width: 450px) 100vw, 450px\" \/><\/span><\/a><\/span><p id=\"caption-attachment-2163\" class=\"wp-caption-text\">Marta Guillaume, en el stand de Bandidas en su tienda<\/p><\/div>\n<p><span style=\"color: #000080;\">Y se li\u00f3 la manta a la cabeza y este verano ha abierto su tienda: <strong>Guillaume Gifts,<\/strong> donde pueden adquirirse sus creaciones \u2013que hasta ahora solo se pod\u00edan <a href=\"http:\/\/bandidasonline.com\/es\/tienda\/complementos\" rel=\"external nofollow\"><span style=\"color: #000080;\">comprar online<\/span><\/a>&#8211; junto a otros art\u00edculos de decoraci\u00f3n, complementos y regalos. Adem\u00e1s, recientemente ha \u2018fichado\u2019 tambi\u00e9n a La ni\u00f1a bonita y ofrece sus bonitos bolsos, vestidos y complementos.<\/span><\/p>\n<p><span style=\"color: #000080;\">Es Marta Guillaume, emprendedora malague\u00f1a que cuenta que hace un a\u00f1o ya vio en Cerrado de Calder\u00f3n el local donde pasa ahora la gran parte de sus d\u00edas y que, aunque le gust\u00f3, \u201cme asust\u00e9\u201d. Pero, seg\u00fan ella misma cuenta, \u201cdespu\u00e9s de un a\u00f1o de fracasos laborales y viendo que en los mercadillos me iba bien, me decid\u00ed. Hice cuentas y me lanc\u00e9: y aqu\u00ed estoy\u201d, agradeciendo el apoyo de su amiga Noelia Arques, de La Habitaci\u00f3n de Kate, que la asesor\u00f3 para dar el paso.<\/span><\/p>\n<p><span style=\"color: #000080;\"><strong>-\u00bfEsta es tu primera aventura empresarial propia?<\/strong><\/span><\/p>\n<p><span style=\"color: #000080;\">S\u00ed. Estudi\u00e9 Historia del Arte y he trabajado en galer\u00edas de Marbella. Me encantaba mi trabajo y adem\u00e1s tuve la suerte de estar en una \u00e9poca muy buena, de 1999 a 2006, pero por circunstancias familiares mi vida cambi\u00f3 y me vine a M\u00e1laga capital.<\/span><\/p>\n<p><span style=\"color: #000080;\"><strong>-\u00bfC\u00f3mo definir\u00edas el estilo de Guillaume Gifts?<\/strong><\/span><\/p>\n<p><span style=\"color: #000080;\">Mi idea es traer un poco de todo, que se puedan encontrar regalos para todas las edades, desde una pitillera a anillos, pa\u00f1uelos,\u2026 Tengo muchos proyectos, voy a contar con marcas extranjeras y todo a precios econ\u00f3micos. Tambi\u00e9n hay cosas para ni\u00f1os como por ejemplo unos adorables peluches de Jelly Cat y por supuesto pienso seguir con Bandidas. Mi objetivo es poder llegar a todos los p\u00fablicos y bolsillos, con abanicos, cer\u00e1micas, bolsos, art\u00edculos menores de decoraci\u00f3n, manteler\u00edas, \u00a1\u00a1tengo muchas ideas!! (se r\u00ede).<\/span><\/p>\n<p><span style=\"color: #000080;\"><strong>&#8211; Un nombre muy original\u2026<\/strong><\/span><\/p>\n<p><span style=\"color: #000080;\">Es el apellido de mi madre, y gifts es porque significa regalos en ingl\u00e9s. Creo que suena como internacional y que queda bien.<\/span><\/p>\n<p><span style=\"color: #000080;\"><strong>&#8211; \u00bfY por qu\u00e9 elegiste Cerrado de Calder\u00f3n?<\/strong><\/span><\/p>\n<p><span style=\"color: #000080;\">Creo que hac\u00eda falta algo as\u00ed en este barrio. Conozco la zona porque vivo aqu\u00ed, y a veces da pereza tener que coger el coche o el autob\u00fas para comprar un regalo, por ejemplo. Creo que es el momento de potenciar esta zona, que se est\u00e1n haciendo cosas y la gente responde, creo que los vecinos tenemos ganas de cosas nuevas. Adem\u00e1s, tambi\u00e9n quiero que mi tienda sea punto de encuentro y pretendo organizar distintos eventos. Por ejemplo, para despu\u00e9s de verano quiero hacer la inauguraci\u00f3n oficial y un poco m\u00e1s adelante la presentaci\u00f3n de la nueva colecci\u00f3n. Y tambi\u00e9n har\u00e9 promociones de temporada, campa\u00f1as de Regalos, Navidades, D\u00eda de la Madre, \u2026ir cambiando para que la gente no se aburra.<\/span><\/p>\n<p><span style=\"color: #000080;\"><strong>-Aunque est\u00e9s en la tienda, \u00bfseguir\u00e1s asistiendo a mercadillos?<\/strong><\/span><\/p>\n<p><span style=\"color: #000080;\">S\u00ed, mi idea es compatibilizarlo todo. L\u00f3gicamente no podr\u00e9 ir a tantos pero har\u00e9 lo que pueda, porque me encantan.<\/span><\/p>\n<p><span style=\"color: #000080;\"><strong>&#8211; Y tambi\u00e9n con Bandidas supongo, \u00bfno?<\/strong><\/span><\/p>\n<p><span style=\"color: #000080;\">\u00a1Por supuesto! Bandidas es mi proyecto. Desde siempre me ha gustado coser, usaba la m\u00e1quina de mi madre, y empec\u00e9 a hacerme ropa con estos pa\u00f1uelos. Iba por Tarifa y la gente me paraba para preguntarme que d\u00f3nde la hab\u00eda comprado porque le gustaba mucho, \u00a1no me lo cre\u00eda! As\u00ed que a partir de ah\u00ed me decid\u00ed y empec\u00e9 a hacer complementos para vender, y parece que gustan. Hago bolsos, camisetas, edredones\u2026 As\u00ed que esta es por fin la tienda f\u00edsica de Bandidas. Por cierto vendo hasta en Mil\u00e1n, porque tengo un amigo modelo all\u00ed que me hace muy buena promoci\u00f3n (risas).<\/span><\/p>\n<p><span style=\"color: #000080;\"><strong>GUILLAUME GIFTS<\/strong><\/span><\/p>\n<p><span style=\"color: #000080;\">Direcci\u00f3n: Calle Rodeo 2 (junto al bar Bourbon Street). Edificio Multicentro, local B. Urbanizaci\u00f3n Cerrado de Calder\u00f3n, M\u00e1laga. <\/span><\/p>\n<p><span style=\"color: #000080;\">Horario: De 10.30 a 14 (de lunes a s\u00e1bado) y de 17.30 a 20.30 de lunes a viernes<\/span><\/p>\n<p>&nbsp;<\/p>\n<p><span style=\"color: #000080;\">Aqu\u00ed pod\u00e9is ver algunas fotos de esta original tienda: \u00a1bienvenida y suerte!<\/span><\/p>\n<div id=\"attachment_2164\" style=\"width: 560px\" class=\"wp-caption aligncenter\"><a href=\"\/-que-le-compro-\/wp-content\/uploads\/sites\/19\/2013\/08\/blog-tienda1.jpg\"><img aria-describedby=\"caption-attachment-2164\" loading=\"lazy\" class=\"size-full wp-image-2164\" title=\"Marta, con su original sill\u00f3n tapizado por ella misma \" src=\"\/-que-le-compro-\/wp-content\/uploads\/sites\/19\/2013\/08\/blog-tienda1.jpg\" alt=\"Marta, con su original sill\u00f3n tapizado por ella misma \" width=\"550\" height=\"404\" srcset=\"https:\/\/static-blogs.diariosur.es\/wp-content\/uploads\/sites\/19\/2013\/08\/blog-tienda1.jpg 550w, https:\/\/static-blogs.diariosur.es\/wp-content\/uploads\/sites\/19\/2013\/08\/blog-tienda1-300x220.jpg 300w\" sizes=\"(max-width: 550px) 100vw, 550px\" \/><\/a><p id=\"caption-attachment-2164\" class=\"wp-caption-text\">Marta, con su original sill\u00f3n tapizado por ella misma<\/p><\/div>\n<p>&nbsp;<\/p>\n<div id=\"attachment_2168\" style=\"width: 460px\" class=\"wp-caption aligncenter\"><a href=\"\/-que-le-compro-\/wp-content\/uploads\/sites\/19\/2013\/08\/blog-tienda21.jpg\"><img aria-describedby=\"caption-attachment-2168\" loading=\"lazy\" class=\"size-full wp-image-2168\" title=\"Detalles de la tienda\" src=\"\/-que-le-compro-\/wp-content\/uploads\/sites\/19\/2013\/08\/blog-tienda21.jpg\" alt=\"Detalles de la tienda\" width=\"450\" height=\"331\" srcset=\"https:\/\/static-blogs.diariosur.es\/wp-content\/uploads\/sites\/19\/2013\/08\/blog-tienda21.jpg 450w, https:\/\/static-blogs.diariosur.es\/wp-content\/uploads\/sites\/19\/2013\/08\/blog-tienda21-300x221.jpg 300w\" sizes=\"(max-width: 450px) 100vw, 450px\" \/><\/a><p id=\"caption-attachment-2168\" class=\"wp-caption-text\">Detalles de la tienda<\/p><\/div>\n<p><script type=\"text\/javascript\">var addthis_config = {\"data_track_clickback\":true,\"data_track_addressbar\":false,\"data_track_textcopy\":false,\"ui_atversion\":\"300\"}; var addthis_product = 'wpp-3.0.2';<\/script><script type=\"text\/javascript\" src=\"\/\/s7.addthis.com\/js\/300\/addthis_widget.js#pubid=ra-50fc27702fb34fca\"><\/script><\/p>\n<div id=\"attachment_2169\" style=\"width: 460px\" class=\"wp-caption aligncenter\"><a href=\"\/-que-le-compro-\/wp-content\/uploads\/sites\/19\/2013\/08\/blog-tienda41.jpg\"><img aria-describedby=\"caption-attachment-2169\" loading=\"lazy\" class=\"size-full wp-image-2169\" title=\"Detalles de la tienda\" src=\"\/-que-le-compro-\/wp-content\/uploads\/sites\/19\/2013\/08\/blog-tienda41.jpg\" alt=\"Detalles de la tienda\" width=\"450\" height=\"591\" srcset=\"https:\/\/static-blogs.diariosur.es\/wp-content\/uploads\/sites\/19\/2013\/08\/blog-tienda41.jpg 450w, https:\/\/static-blogs.diariosur.es\/wp-content\/uploads\/sites\/19\/2013\/08\/blog-tienda41-228x300.jpg 228w\" sizes=\"(max-width: 450px) 100vw, 450px\" \/><\/a><p id=\"caption-attachment-2169\" class=\"wp-caption-text\">Detalles de la tienda en Cerrado de Calder\u00f3n<\/p><\/div>\n<p>&nbsp;<\/p>\n<div id=\"attachment_2170\" style=\"width: 460px\" class=\"wp-caption aligncenter\"><a href=\"\/-que-le-compro-\/wp-content\/uploads\/sites\/19\/2013\/08\/blog-tienda51.jpg\"><img aria-describedby=\"caption-attachment-2170\" loading=\"lazy\" class=\"size-full wp-image-2170\" title=\"Detalles de la tienda en Cerrado de Calder\u00f3n\" src=\"\/-que-le-compro-\/wp-content\/uploads\/sites\/19\/2013\/08\/blog-tienda51.jpg\" alt=\"Detalles de la tienda en Cerrado de Calder\u00f3n\" width=\"450\" height=\"343\" srcset=\"https:\/\/static-blogs.diariosur.es\/wp-content\/uploads\/sites\/19\/2013\/08\/blog-tienda51.jpg 450w, https:\/\/static-blogs.diariosur.es\/wp-content\/uploads\/sites\/19\/2013\/08\/blog-tienda51-300x229.jpg 300w\" sizes=\"(max-width: 450px) 100vw, 450px\" \/><\/a><p id=\"caption-attachment-2170\" class=\"wp-caption-text\">Detalles de la tienda en Cerrado de Calder\u00f3n<\/p><\/div>\n","protected":false},"excerpt":{"rendered":"<p>Lleva tiempo siendo el alma mater de Bandidas, y decidi\u00f3 dar el salto y lanzarse a montar su propio negocio. Precedida por el \u00e9xito en mercadillos de sus originales complementos, que tienen como elemento base y estrella los pa\u00f1uelos conocidos como bandanas, es un ejemplo claro de que, pese a los tiempos dif\u00edciles que corren, [&hellip;]<\/p>\n","protected":false},"author":24,"featured_media":0,"comment_status":"open","ping_status":"open","sticky":false,"template":"","format":"standard","meta":[],"categories":[6,7],"tags":[370,1595,1894,2127,3658,3670,3693],"_links":{"self":[{"href":"https:\/\/blogs.diariosur.es\/-que-le-compro-\/wp-json\/wp\/v2\/posts\/2162"}],"collection":[{"href":"https:\/\/blogs.diariosur.es\/-que-le-compro-\/wp-json\/wp\/v2\/posts"}],"about":[{"href":"https:\/\/blogs.diariosur.es\/-que-le-compro-\/wp-json\/wp\/v2\/types\/post"}],"author":[{"embeddable":true,"href":"https:\/\/blogs.diariosur.es\/-que-le-compro-\/wp-json\/wp\/v2\/users\/24"}],"replies":[{"embeddable":true,"href":"https:\/\/blogs.diariosur.es\/-que-le-compro-\/wp-json\/wp\/v2\/comments?post=2162"}],"version-history":[{"count":0,"href":"https:\/\/blogs.diariosur.es\/-que-le-compro-\/wp-json\/wp\/v2\/posts\/2162\/revisions"}],"wp:attachment":[{"href":"https:\/\/blogs.diariosur.es\/-que-le-compro-\/wp-json\/wp\/v2\/media?parent=2162"}],"wp:term":[{"taxonomy":"category","embeddable":true,"href":"https:\/\/blogs.diariosur.es\/-que-le-compro-\/wp-json\/wp\/v2\/categories?post=2162"},{"taxonomy":"post_tag","embeddable":true,"href":"https:\/\/blogs.diariosur.es\/-que-le-compro-\/wp-json\/wp\/v2\/tags?post=2162"}],"curies":[{"name":"wp","href":"https:\/\/api.w.org\/{rel}","templated":true}]}}