{"id":2173,"date":"2013-08-14T18:43:59","date_gmt":"2013-08-14T16:43:59","guid":{"rendered":"http:\/\/blogs.diariosur.es\/-que-le-compro-\/?p=2173"},"modified":"2013-08-14T18:43:59","modified_gmt":"2013-08-14T16:43:59","slug":"15-de-agosto-abren-centros-comerciales-y-tiendas","status":"publish","type":"post","link":"https:\/\/blogs.diariosur.es\/-que-le-compro-\/2013\/08\/14\/15-de-agosto-abren-centros-comerciales-y-tiendas\/","title":{"rendered":"El 15 de agosto abren las tiendas en M\u00e1laga pese a ser fiesta"},"content":{"rendered":"<p><span style=\"color: #333399;\">Es sabido que el 15 de agosto es fiesta, y adem\u00e1s en toda Espa\u00f1a, pero este a\u00f1o no lo ser\u00e1 para el sector del comercio. Porque en esta ocasi\u00f3n que las grandes superficies abran sus puertas al p\u00fablico, y en su horario habitual, as\u00ed que si os apetece ir de compras ya sab\u00e9is que pod\u00e9is hacerlo.<\/span><\/p>\n<p><span style=\"color: #333399;\">Y por cierto os recuerdo que en M\u00e1laga tambi\u00e9n ser\u00e1 un d\u00eda normal a todos los efectos el pr\u00f3ximo lunes, 19 de agosto, ya que esta festividad se pas\u00f3 a junio, con lo que el comercio y los otros sectores mantendr\u00e1n su actividad habitual -bueno, con las posibles modificaciones horarias al ser ya Feria-.<\/span><\/p>\n<p><script type=\"text\/javascript\">var addthis_config = {\"data_track_clickback\":true,\"data_track_addressbar\":false,\"data_track_textcopy\":false,\"ui_atversion\":\"300\"}; var addthis_product = 'wpp-3.0.2';<\/script><script type=\"text\/javascript\" src=\"\/\/s7.addthis.com\/js\/300\/addthis_widget.js#pubid=ra-50fc27702fb34fca\"><\/script><br \/>\n<span style=\"color: #333399;\">\u00a1Avisados qued\u00e1is!<\/span><\/p>\n","protected":false},"excerpt":{"rendered":"<p>Es sabido que el 15 de agosto es fiesta, y adem\u00e1s en toda Espa\u00f1a, pero este a\u00f1o no lo ser\u00e1 para el sector del comercio. Porque en esta ocasi\u00f3n que las grandes superficies abran sus puertas al p\u00fablico, y en su horario habitual, as\u00ed que si os apetece ir de compras ya sab\u00e9is que pod\u00e9is [&hellip;]<\/p>\n","protected":false},"author":24,"featured_media":0,"comment_status":"open","ping_status":"open","sticky":false,"template":"","format":"standard","meta":[],"categories":[2,3,7],"tags":[36,40,714,3604,3658],"_links":{"self":[{"href":"https:\/\/blogs.diariosur.es\/-que-le-compro-\/wp-json\/wp\/v2\/posts\/2173"}],"collection":[{"href":"https:\/\/blogs.diariosur.es\/-que-le-compro-\/wp-json\/wp\/v2\/posts"}],"about":[{"href":"https:\/\/blogs.diariosur.es\/-que-le-compro-\/wp-json\/wp\/v2\/types\/post"}],"author":[{"embeddable":true,"href":"https:\/\/blogs.diariosur.es\/-que-le-compro-\/wp-json\/wp\/v2\/users\/24"}],"replies":[{"embeddable":true,"href":"https:\/\/blogs.diariosur.es\/-que-le-compro-\/wp-json\/wp\/v2\/comments?post=2173"}],"version-history":[{"count":0,"href":"https:\/\/blogs.diariosur.es\/-que-le-compro-\/wp-json\/wp\/v2\/posts\/2173\/revisions"}],"wp:attachment":[{"href":"https:\/\/blogs.diariosur.es\/-que-le-compro-\/wp-json\/wp\/v2\/media?parent=2173"}],"wp:term":[{"taxonomy":"category","embeddable":true,"href":"https:\/\/blogs.diariosur.es\/-que-le-compro-\/wp-json\/wp\/v2\/categories?post=2173"},{"taxonomy":"post_tag","embeddable":true,"href":"https:\/\/blogs.diariosur.es\/-que-le-compro-\/wp-json\/wp\/v2\/tags?post=2173"}],"curies":[{"name":"wp","href":"https:\/\/api.w.org\/{rel}","templated":true}]}}