{"id":2175,"date":"2013-08-16T16:41:19","date_gmt":"2013-08-16T14:41:19","guid":{"rendered":"http:\/\/blogs.diariosur.es\/-que-le-compro-\/?p=2175"},"modified":"2013-08-16T16:41:19","modified_gmt":"2013-08-16T14:41:19","slug":"craftsma-feria-de-malaga-plaza-merced-disenadores","status":"publish","type":"post","link":"https:\/\/blogs.diariosur.es\/-que-le-compro-\/2013\/08\/16\/craftsma-feria-de-malaga-plaza-merced-disenadores\/","title":{"rendered":"Craftsma Feria de M\u00e1laga: compras originales en la plaza la Merced"},"content":{"rendered":"<p><span style=\"color: #000080;\">Entre bailes y copitas esta Feria ten\u00e9is que encontrar tiempo para visitar la plaza de la Merced, porque all\u00ed se celebra una edici\u00f3n especial de la muestra de dise\u00f1adores y emprendedores de <strong>Crafts Market M\u00e1laga (Craftsma)<\/strong>. As\u00ed que si quer\u00e9is disfrutar del talento de (j\u00f3venes) dise\u00f1adores locales, hacer compras realmente originales y curiosear entre moda, artesan\u00eda, complementos, accesorios para beb\u00e9, decoraci\u00f3n y mucho m\u00e1s ya sab\u00e9is d\u00f3nde ten\u00e9is que ir.<\/span><\/p>\n<p><span style=\"color: #000080;\">La convocatoria tendr\u00e1 el mismo horario oficial que la Feria de M\u00e1laga 2013, <span style=\"font-size: medium;\">de doce de la ma\u00f1ana a seis de la tarde<\/span>, por lo que tambi\u00e9n se podr\u00e1 pasear, comer y beber all\u00ed en la zona de restauraci\u00f3n y el mercado de productos locales.\u00a0<\/span><\/p>\n<p><span style=\"color: #000080;\">Ya ver\u00e9is c\u00f3mo las decenas de participantes os convencer\u00e1n de que merece la pena la visita, <strong>del s\u00e1bado 17 al s\u00e1bado 24 de agosto, ambos incluidos.<\/strong><\/span><\/p>\n<p><span style=\"color: #000080;\">Y por cierto, \u00a1feliz Feria de M\u00e1laga 2013 a tod@s!<\/span><\/p>\n<p><script type=\"text\/javascript\">var addthis_config = {\"data_track_clickback\":true,\"data_track_addressbar\":false,\"data_track_textcopy\":false,\"ui_atversion\":\"300\"}; var addthis_product = 'wpp-3.0.2';<\/script><script type=\"text\/javascript\" src=\"\/\/s7.addthis.com\/js\/300\/addthis_widget.js#pubid=ra-50fc27702fb34fca\"><\/script><\/p>\n<div id=\"attachment_2176\" style=\"width: 510px\" class=\"wp-caption aligncenter\"><a href=\"\/-que-le-compro-\/wp-content\/uploads\/sites\/19\/2013\/08\/craftsma-feria.jpg\"><img aria-describedby=\"caption-attachment-2176\" loading=\"lazy\" class=\"size-full wp-image-2176\" title=\"Craftsma Feria de M\u00e1laga 2013, en la plaza de la Merced\" src=\"\/-que-le-compro-\/wp-content\/uploads\/sites\/19\/2013\/08\/craftsma-feria.jpg\" alt=\"Craftsma Feria de M\u00e1laga 2013, en la plaza de la Merced\" width=\"500\" height=\"500\" srcset=\"https:\/\/static-blogs.diariosur.es\/wp-content\/uploads\/sites\/19\/2013\/08\/craftsma-feria.jpg 500w, https:\/\/static-blogs.diariosur.es\/wp-content\/uploads\/sites\/19\/2013\/08\/craftsma-feria-150x150.jpg 150w, https:\/\/static-blogs.diariosur.es\/wp-content\/uploads\/sites\/19\/2013\/08\/craftsma-feria-300x300.jpg 300w\" sizes=\"(max-width: 500px) 100vw, 500px\" \/><\/a><p id=\"caption-attachment-2176\" class=\"wp-caption-text\">Craftsma Feria de M\u00e1laga 2013, en la plaza de la Merced<\/p><\/div>\n","protected":false},"excerpt":{"rendered":"<p>Entre bailes y copitas esta Feria ten\u00e9is que encontrar tiempo para visitar la plaza de la Merced, porque all\u00ed se celebra una edici\u00f3n especial de la muestra de dise\u00f1adores y emprendedores de Crafts Market M\u00e1laga (Craftsma). As\u00ed que si quer\u00e9is disfrutar del talento de (j\u00f3venes) dise\u00f1adores locales, hacer compras realmente originales y curiosear entre moda, [&hellip;]<\/p>\n","protected":false},"author":24,"featured_media":0,"comment_status":"open","ping_status":"open","sticky":false,"template":"","format":"standard","meta":[],"categories":[4,6],"tags":[12,92,935,936,1130,1610,2259,2277],"_links":{"self":[{"href":"https:\/\/blogs.diariosur.es\/-que-le-compro-\/wp-json\/wp\/v2\/posts\/2175"}],"collection":[{"href":"https:\/\/blogs.diariosur.es\/-que-le-compro-\/wp-json\/wp\/v2\/posts"}],"about":[{"href":"https:\/\/blogs.diariosur.es\/-que-le-compro-\/wp-json\/wp\/v2\/types\/post"}],"author":[{"embeddable":true,"href":"https:\/\/blogs.diariosur.es\/-que-le-compro-\/wp-json\/wp\/v2\/users\/24"}],"replies":[{"embeddable":true,"href":"https:\/\/blogs.diariosur.es\/-que-le-compro-\/wp-json\/wp\/v2\/comments?post=2175"}],"version-history":[{"count":0,"href":"https:\/\/blogs.diariosur.es\/-que-le-compro-\/wp-json\/wp\/v2\/posts\/2175\/revisions"}],"wp:attachment":[{"href":"https:\/\/blogs.diariosur.es\/-que-le-compro-\/wp-json\/wp\/v2\/media?parent=2175"}],"wp:term":[{"taxonomy":"category","embeddable":true,"href":"https:\/\/blogs.diariosur.es\/-que-le-compro-\/wp-json\/wp\/v2\/categories?post=2175"},{"taxonomy":"post_tag","embeddable":true,"href":"https:\/\/blogs.diariosur.es\/-que-le-compro-\/wp-json\/wp\/v2\/tags?post=2175"}],"curies":[{"name":"wp","href":"https:\/\/api.w.org\/{rel}","templated":true}]}}