{"id":2178,"date":"2013-08-19T21:03:58","date_gmt":"2013-08-19T19:03:58","guid":{"rendered":"http:\/\/blogs.diariosur.es\/-que-le-compro-\/?p=2178"},"modified":"2013-08-19T21:03:58","modified_gmt":"2013-08-19T19:03:58","slug":"summer-art-market-muestra-de-artesania-en-ronda","status":"publish","type":"post","link":"https:\/\/blogs.diariosur.es\/-que-le-compro-\/2013\/08\/19\/summer-art-market-muestra-de-artesania-en-ronda\/","title":{"rendered":"Summer Art Market, muestra de artesan\u00eda veraniega en Ronda"},"content":{"rendered":"<p><span style=\"color: #333399;\">El paseo Blas Infante de Ronda se transforma para ofrecer arte y creatividad en estado puro. Porque all\u00ed se celebra todos los d\u00edas<span style=\"font-size: medium;\"><strong> Summer Art Market<\/strong><\/span>, una iniciativa puesta en marcha por la <strong>Asociaci\u00f3n de Artesanos de Ronda<\/strong>, en colaboraci\u00f3n con la Concejal\u00eda de Participaci\u00f3n Ciudadana, para ofrecer una muestra de la artesan\u00eda ronde\u00f1a. As\u00ed, entre otros art\u00edculos en los stands de los participantes podr\u00e1n verse y adquirirse trabajos en talla en madera, cer\u00e1mica, cosm\u00e9tica natural, marroquiner\u00eda o plater\u00eda, entre otros. Hasta el 21 de septiembre.<\/span><\/p>\n<p><span style=\"color: #333399;\">La cita se celebra de <span style=\"font-size: medium;\">ocho de la tarde a once y media de la noche en el paseo Blas Infante<\/span>, enfrente de la plaza de toros. \u00a0Los interesados en tomar parte pueden solicitar <strong><a href=\"mailto:artesanosderonda@hotmail.com\"><span style=\"color: #333399;\">m\u00e1s informaci\u00f3n enviando un correo electr\u00f3nico aqu\u00ed<\/span><\/a><\/strong><\/span><\/p>\n<p><span style=\"color: #333399;\"> El proyecto es una ampliaci\u00f3n de la feria artesanal que se ven\u00eda celebrando desde marzo durante todos los domingos en la misma ubicaci\u00f3n y que pasa a celebrarse todos los s\u00e1bados y domingos de 11.30 a 21.30 con talleres gratuitos para \u00a0los m\u00e1s peque\u00f1os de la casa que se impartir\u00e1n a partir de las 12.30 horas.<\/span><\/p>\n<p><span style=\"color: #333399;\">\u00a1Felicidades por la iniciativa y ya sab\u00e9is, a visitar y apoyar la artesan\u00eda local!<\/span><\/p>\n<p><script type=\"text\/javascript\">var addthis_config = {\"data_track_clickback\":true,\"data_track_addressbar\":false,\"data_track_textcopy\":false,\"ui_atversion\":\"300\"}; var addthis_product = 'wpp-3.0.2';<\/script><script type=\"text\/javascript\" src=\"\/\/s7.addthis.com\/js\/300\/addthis_widget.js#pubid=ra-50fc27702fb34fca\"><\/script><\/p>\n<div id=\"attachment_2179\" style=\"width: 460px\" class=\"wp-caption aligncenter\"><a href=\"\/-que-le-compro-\/wp-content\/uploads\/sites\/19\/2013\/08\/ronda-summer-art.jpg\"><img aria-describedby=\"caption-attachment-2179\" loading=\"lazy\" class=\"size-full wp-image-2179\" title=\"Ronda Summer Art Market, muestra de artesan\u00eda veraniega\" src=\"\/-que-le-compro-\/wp-content\/uploads\/sites\/19\/2013\/08\/ronda-summer-art.jpg\" alt=\"Summer Art Market, muestra de artesan\u00eda veraniega en Ronda\" width=\"450\" height=\"653\" srcset=\"https:\/\/static-blogs.diariosur.es\/wp-content\/uploads\/sites\/19\/2013\/08\/ronda-summer-art.jpg 450w, https:\/\/static-blogs.diariosur.es\/wp-content\/uploads\/sites\/19\/2013\/08\/ronda-summer-art-207x300.jpg 207w\" sizes=\"(max-width: 450px) 100vw, 450px\" \/><\/a><p id=\"caption-attachment-2179\" class=\"wp-caption-text\">Ronda Summer Art Market, muestra de artesan\u00eda veraniega<\/p><\/div>\n","protected":false},"excerpt":{"rendered":"<p>El paseo Blas Infante de Ronda se transforma para ofrecer arte y creatividad en estado puro. Porque all\u00ed se celebra todos los d\u00edas Summer Art Market, una iniciativa puesta en marcha por la Asociaci\u00f3n de Artesanos de Ronda, en colaboraci\u00f3n con la Concejal\u00eda de Participaci\u00f3n Ciudadana, para ofrecer una muestra de la artesan\u00eda ronde\u00f1a. As\u00ed, [&hellip;]<\/p>\n","protected":false},"author":24,"featured_media":0,"comment_status":"open","ping_status":"open","sticky":false,"template":"","format":"standard","meta":[],"categories":[4,6],"tags":[300,2302,2862,3480],"_links":{"self":[{"href":"https:\/\/blogs.diariosur.es\/-que-le-compro-\/wp-json\/wp\/v2\/posts\/2178"}],"collection":[{"href":"https:\/\/blogs.diariosur.es\/-que-le-compro-\/wp-json\/wp\/v2\/posts"}],"about":[{"href":"https:\/\/blogs.diariosur.es\/-que-le-compro-\/wp-json\/wp\/v2\/types\/post"}],"author":[{"embeddable":true,"href":"https:\/\/blogs.diariosur.es\/-que-le-compro-\/wp-json\/wp\/v2\/users\/24"}],"replies":[{"embeddable":true,"href":"https:\/\/blogs.diariosur.es\/-que-le-compro-\/wp-json\/wp\/v2\/comments?post=2178"}],"version-history":[{"count":0,"href":"https:\/\/blogs.diariosur.es\/-que-le-compro-\/wp-json\/wp\/v2\/posts\/2178\/revisions"}],"wp:attachment":[{"href":"https:\/\/blogs.diariosur.es\/-que-le-compro-\/wp-json\/wp\/v2\/media?parent=2178"}],"wp:term":[{"taxonomy":"category","embeddable":true,"href":"https:\/\/blogs.diariosur.es\/-que-le-compro-\/wp-json\/wp\/v2\/categories?post=2178"},{"taxonomy":"post_tag","embeddable":true,"href":"https:\/\/blogs.diariosur.es\/-que-le-compro-\/wp-json\/wp\/v2\/tags?post=2178"}],"curies":[{"name":"wp","href":"https:\/\/api.w.org\/{rel}","templated":true}]}}