{"id":2180,"date":"2013-08-23T13:49:10","date_gmt":"2013-08-23T11:49:10","guid":{"rendered":"http:\/\/blogs.diariosur.es\/-que-le-compro-\/?p=2180"},"modified":"2013-08-23T13:49:10","modified_gmt":"2013-08-23T11:49:10","slug":"mercado-medieval-fuengirola-rincon-craftsma","status":"publish","type":"post","link":"https:\/\/blogs.diariosur.es\/-que-le-compro-\/2013\/08\/23\/mercado-medieval-fuengirola-rincon-craftsma\/","title":{"rendered":"Mercado medieval en Fuengirola y Rinc\u00f3n y final de Craftsma Feria de M\u00e1laga"},"content":{"rendered":"<p><span style=\"color: #333399;\">A pesar de que estamos en verano, y en plena feria, este fin de semana hay dos citas con las que volveremos atr\u00e1s en el tiempo, hasta la \u00e9poca medieval. \u00a0Por un lado, el castillo Sohail, en Fuengirola, acoge la d\u00e9cima edici\u00f3n del mercado medieval que se celebrar\u00e1 hasta el lunes 26 y que ofrecer\u00e1 un centenar de stands dedicados a productos artesanales.\u00a0Adem\u00e1s, los visitantes asistir\u00e1n a diversas actividades para todos los p\u00fablicos como por ejemplo ver c\u00f3mo trabajaban los escribanos o los artesanos del cuero en la Edad Media; disfrutar con las historias de juglares y cuentacuentos, tirar con arco o emular los juegos malabares que serv\u00edan para amenizar las fiestas y las largas noches medievales, y probar comidas artesanas de la \u00e9poca.<\/span><\/p>\n<p><span style=\"color: #333399;\">Adem\u00e1s, tambi\u00e9n habr\u00e1 espect\u00e1culos de cetrer\u00eda, corral de animales ex\u00f3ticos, artesanos del cuero, espect\u00e1culos circenses, as\u00ed como pasacalles musicales. Todo esto de siete de la tarde a dos de la madrugada.<\/span><\/p>\n<div id=\"attachment_2181\" style=\"width: 460px\" class=\"wp-caption aligncenter\"><a href=\"\/-que-le-compro-\/wp-content\/uploads\/sites\/19\/2013\/08\/mercado-rincon.jpg\"><img aria-describedby=\"caption-attachment-2181\" loading=\"lazy\" class=\"size-full wp-image-2181\" title=\"Mercado Infantil de la Fantas\u00eda en Rinc\u00f3n de la Victoria\" src=\"\/-que-le-compro-\/wp-content\/uploads\/sites\/19\/2013\/08\/mercado-rincon.jpg\" alt=\"Mercado Infantil de la Fantas\u00eda en Rinc\u00f3n de la Victoria\" width=\"450\" height=\"400\" srcset=\"https:\/\/static-blogs.diariosur.es\/wp-content\/uploads\/sites\/19\/2013\/08\/mercado-rincon.jpg 450w, https:\/\/static-blogs.diariosur.es\/wp-content\/uploads\/sites\/19\/2013\/08\/mercado-rincon-300x267.jpg 300w\" sizes=\"(max-width: 450px) 100vw, 450px\" \/><\/a><p id=\"caption-attachment-2181\" class=\"wp-caption-text\">Mercado Infantil de la Fantas\u00eda en Rinc\u00f3n de la Victoria<\/p><\/div>\n<p><span style=\"color: #333399;\">Paralelamente, en Rinc\u00f3n de la Victoria organizan el <strong>I Mercado Infantil de la Fantas\u00eda,<\/strong> con actividades tambi\u00e9n para toda la familia. La inauguraci\u00f3n de esta iniciativa ser\u00e1 este viernes a las 20.30 horas en la plaza de la Constituci\u00f3n, y podr\u00e1 visitarse hasta el domingo \u00a0a las doce de la noche. En esta cita podr\u00e1 pasearse entre m\u00e1s de una treintena de puestos junto a una programaci\u00f3n con eventos teatrales, musicales, exposiciones, juegos y espect\u00e1culos en los que se interact\u00faa en directo con el p\u00fablico infantil. <\/span><\/p>\n<p><span style=\"color: #333399;\">\u201cLa escenificaci\u00f3n y decorado del mercado con toques de fantas\u00eda trasladar\u00e1 al p\u00fablico al pasado, donde ni\u00f1os y mayores disfrutar\u00e1n de personajes de cuento, de h\u00e9roes, del barco del capit\u00e1n Carpio, juegos y concursos infantiles y mucho m\u00e1s\u201d, seg\u00fan se\u00f1al\u00f3 en la presentaci\u00f3n del evento la edil de Turismo, Marta Mar\u00edn.<\/span><\/p>\n<p><span style=\"color: #333399;\">Y os recuerdo que este s\u00e1bado es el \u00faltimo d\u00eda de la edici\u00f3n especial de<strong> <a href=\"https:\/\/blogs.diariosur.es\/-que-le-compro-\/2013\/08\/16\/craftsma-feria-de-malaga-plaza-merced-disenadores\/\">Craftsma<\/a><\/strong><a href=\"https:\/\/blogs.diariosur.es\/-que-le-compro-\/2013\/08\/16\/craftsma-feria-de-malaga-plaza-merced-disenadores\/\"> con motivo de la Feria de M\u00e1laga<\/a>, as\u00ed que los dise\u00f1adores, los complementos handmade y la artesan\u00eda se despedir\u00e1n de la plaza de la Merced a las seis de la tarde.<\/span><\/p>\n<p><script type=\"text\/javascript\">var addthis_config = {\"data_track_clickback\":true,\"data_track_addressbar\":false,\"data_track_textcopy\":false,\"ui_atversion\":\"300\"}; var addthis_product = 'wpp-3.0.2';<\/script><script type=\"text\/javascript\" src=\"\/\/s7.addthis.com\/js\/300\/addthis_widget.js#pubid=ra-50fc27702fb34fca\"><\/script><\/p>\n<p><a href=\"\/-que-le-compro-\/wp-content\/uploads\/sites\/19\/2013\/08\/craftsma-feria1.jpg\"><img loading=\"lazy\" class=\"aligncenter size-full wp-image-2182\" title=\"Craftsma Feria de M\u00e1laga 2013\" src=\"\/-que-le-compro-\/wp-content\/uploads\/sites\/19\/2013\/08\/craftsma-feria1.jpg\" alt=\"Craftsma Feria de M\u00e1laga 2013\" width=\"500\" height=\"500\" srcset=\"https:\/\/static-blogs.diariosur.es\/wp-content\/uploads\/sites\/19\/2013\/08\/craftsma-feria1.jpg 500w, https:\/\/static-blogs.diariosur.es\/wp-content\/uploads\/sites\/19\/2013\/08\/craftsma-feria1-150x150.jpg 150w, https:\/\/static-blogs.diariosur.es\/wp-content\/uploads\/sites\/19\/2013\/08\/craftsma-feria1-300x300.jpg 300w\" sizes=\"(max-width: 500px) 100vw, 500px\" \/><\/a><\/p>\n<p>&nbsp;<\/p>\n<p>&nbsp;<\/p>\n","protected":false},"excerpt":{"rendered":"<p>A pesar de que estamos en verano, y en plena feria, este fin de semana hay dos citas con las que volveremos atr\u00e1s en el tiempo, hasta la \u00e9poca medieval. \u00a0Por un lado, el castillo Sohail, en Fuengirola, acoge la d\u00e9cima edici\u00f3n del mercado medieval que se celebrar\u00e1 hasta el lunes 26 y que ofrecer\u00e1 [&hellip;]<\/p>\n","protected":false},"author":24,"featured_media":0,"comment_status":"open","ping_status":"open","sticky":false,"template":"","format":"standard","meta":[],"categories":[3,4],"tags":[98,654,935,1371,2423,2427,3528],"_links":{"self":[{"href":"https:\/\/blogs.diariosur.es\/-que-le-compro-\/wp-json\/wp\/v2\/posts\/2180"}],"collection":[{"href":"https:\/\/blogs.diariosur.es\/-que-le-compro-\/wp-json\/wp\/v2\/posts"}],"about":[{"href":"https:\/\/blogs.diariosur.es\/-que-le-compro-\/wp-json\/wp\/v2\/types\/post"}],"author":[{"embeddable":true,"href":"https:\/\/blogs.diariosur.es\/-que-le-compro-\/wp-json\/wp\/v2\/users\/24"}],"replies":[{"embeddable":true,"href":"https:\/\/blogs.diariosur.es\/-que-le-compro-\/wp-json\/wp\/v2\/comments?post=2180"}],"version-history":[{"count":0,"href":"https:\/\/blogs.diariosur.es\/-que-le-compro-\/wp-json\/wp\/v2\/posts\/2180\/revisions"}],"wp:attachment":[{"href":"https:\/\/blogs.diariosur.es\/-que-le-compro-\/wp-json\/wp\/v2\/media?parent=2180"}],"wp:term":[{"taxonomy":"category","embeddable":true,"href":"https:\/\/blogs.diariosur.es\/-que-le-compro-\/wp-json\/wp\/v2\/categories?post=2180"},{"taxonomy":"post_tag","embeddable":true,"href":"https:\/\/blogs.diariosur.es\/-que-le-compro-\/wp-json\/wp\/v2\/tags?post=2180"}],"curies":[{"name":"wp","href":"https:\/\/api.w.org\/{rel}","templated":true}]}}