{"id":2184,"date":"2013-08-27T12:08:53","date_gmt":"2013-08-27T10:08:53","guid":{"rendered":"http:\/\/blogs.diariosur.es\/-que-le-compro-\/?p=2184"},"modified":"2013-08-27T12:08:53","modified_gmt":"2013-08-27T10:08:53","slug":"xti-store-abre-su-primera-tienda-en-malaga-con-descuentos","status":"publish","type":"post","link":"https:\/\/blogs.diariosur.es\/-que-le-compro-\/2013\/08\/27\/xti-store-abre-su-primera-tienda-en-malaga-con-descuentos\/","title":{"rendered":"Xti Store abre su primera tienda en M\u00e1laga con descuentos todo el a\u00f1o"},"content":{"rendered":"<p><span style=\"color: #333399;\">\u00bfTe gustan los zapatos de Xti? Pues si vives en M\u00e1laga que sepas que ya puedes disfrutar de los modelos de esta firma espa\u00f1ola unidos en una misma tienda, la que la empresa ha abierto en el <strong>Factory Outlet M\u00e1laga<\/strong>, en el parque comercial M\u00e1laga Nostrum. <\/span><\/p>\n<p><span style=\"color: #333399;\">Es la primera Xti Store de la compa\u00f1\u00eda en nuestra ciudad, y cuenta con una superficie de 200 metros cuadrados en la que puede encontrarse su cat\u00e1logo de calzado y accesorios con <strong>descuentos durante todo el a\u00f1o de hasta un 70%<\/strong> seg\u00fan nos cuentan. De hecho, el precio m\u00e1ximo de los art\u00edculos actualmente es 9,95 euros.<\/span><\/p>\n<p><span style=\"color: #333399;\">Para los que no la conozc\u00e1is, Xti Footwear es una marca espa\u00f1ola de calzado y accesorios de temporada fundada en el\u00a0a\u00f1o 2000, dirigida a un p\u00fablico joven y cuya imagen es la modelo Irina Shayk, novia del futbolista Cristiano Ronaldo. <\/span><\/p>\n<p><span style=\"color: #333399;\">\u00a1Avisados qued\u00e1is!<\/span><\/p>\n<p><script type=\"text\/javascript\">var addthis_config = {\"data_track_clickback\":true,\"data_track_addressbar\":false,\"data_track_textcopy\":false,\"ui_atversion\":\"300\"}; var addthis_product = 'wpp-3.0.2';<\/script><script type=\"text\/javascript\" src=\"\/\/s7.addthis.com\/js\/300\/addthis_widget.js#pubid=ra-50fc27702fb34fca\"><\/script><\/p>\n<div id=\"attachment_2185\" style=\"width: 560px\" class=\"wp-caption aligncenter\"><a href=\"\/-que-le-compro-\/wp-content\/uploads\/sites\/19\/2013\/08\/xti-factory.jpg\"><img aria-describedby=\"caption-attachment-2185\" loading=\"lazy\" class=\"size-full wp-image-2185\" title=\"La Xti Store de M\u00e1laga tiene 200 metros de superficie\" src=\"\/-que-le-compro-\/wp-content\/uploads\/sites\/19\/2013\/08\/xti-factory.jpg\" alt=\"La Xti Store de M\u00e1laga tiene 200 metros de superficie\" width=\"550\" height=\"294\" srcset=\"https:\/\/static-blogs.diariosur.es\/wp-content\/uploads\/sites\/19\/2013\/08\/xti-factory.jpg 550w, https:\/\/static-blogs.diariosur.es\/wp-content\/uploads\/sites\/19\/2013\/08\/xti-factory-300x160.jpg 300w\" sizes=\"(max-width: 550px) 100vw, 550px\" \/><\/a><p id=\"caption-attachment-2185\" class=\"wp-caption-text\">La primera Xti Store de M\u00e1laga tiene 200 metros de superficie<\/p><\/div>\n","protected":false},"excerpt":{"rendered":"<p>\u00bfTe gustan los zapatos de Xti? Pues si vives en M\u00e1laga que sepas que ya puedes disfrutar de los modelos de esta firma espa\u00f1ola unidos en una misma tienda, la que la empresa ha abierto en el Factory Outlet M\u00e1laga, en el parque comercial M\u00e1laga Nostrum. Es la primera Xti Store de la compa\u00f1\u00eda en [&hellip;]<\/p>\n","protected":false},"author":24,"featured_media":0,"comment_status":"open","ping_status":"open","sticky":false,"template":"","format":"standard","meta":[],"categories":[2,7],"tags":[1341,2058,3935,3936],"_links":{"self":[{"href":"https:\/\/blogs.diariosur.es\/-que-le-compro-\/wp-json\/wp\/v2\/posts\/2184"}],"collection":[{"href":"https:\/\/blogs.diariosur.es\/-que-le-compro-\/wp-json\/wp\/v2\/posts"}],"about":[{"href":"https:\/\/blogs.diariosur.es\/-que-le-compro-\/wp-json\/wp\/v2\/types\/post"}],"author":[{"embeddable":true,"href":"https:\/\/blogs.diariosur.es\/-que-le-compro-\/wp-json\/wp\/v2\/users\/24"}],"replies":[{"embeddable":true,"href":"https:\/\/blogs.diariosur.es\/-que-le-compro-\/wp-json\/wp\/v2\/comments?post=2184"}],"version-history":[{"count":0,"href":"https:\/\/blogs.diariosur.es\/-que-le-compro-\/wp-json\/wp\/v2\/posts\/2184\/revisions"}],"wp:attachment":[{"href":"https:\/\/blogs.diariosur.es\/-que-le-compro-\/wp-json\/wp\/v2\/media?parent=2184"}],"wp:term":[{"taxonomy":"category","embeddable":true,"href":"https:\/\/blogs.diariosur.es\/-que-le-compro-\/wp-json\/wp\/v2\/categories?post=2184"},{"taxonomy":"post_tag","embeddable":true,"href":"https:\/\/blogs.diariosur.es\/-que-le-compro-\/wp-json\/wp\/v2\/tags?post=2184"}],"curies":[{"name":"wp","href":"https:\/\/api.w.org\/{rel}","templated":true}]}}