{"id":2186,"date":"2013-08-29T11:55:03","date_gmt":"2013-08-29T09:55:03","guid":{"rendered":"http:\/\/blogs.diariosur.es\/-que-le-compro-\/?p=2186"},"modified":"2013-08-29T11:55:03","modified_gmt":"2013-08-29T09:55:03","slug":"el-1-de-septiembre-abren-las-tiendas-ultimos-dias-de-rebajas","status":"publish","type":"post","link":"https:\/\/blogs.diariosur.es\/-que-le-compro-\/2013\/08\/29\/el-1-de-septiembre-abren-las-tiendas-ultimos-dias-de-rebajas\/","title":{"rendered":"Las rebajas llegan a su fin. El domingo, 1 de septiembre, abren las tiendas"},"content":{"rendered":"<p><span style=\"color: #333399;\">Agosto llega a su fin y con \u00e9l las rebajas de verano. As\u00ed que si os quedan tres d\u00edas para intentar encontrar los \u00faltimos chollos porque los descuentos se acaban este s\u00e1bado, 31 de agosto. Otra cosa es que contin\u00faen promociones especiales y otras ofertas como suele ocurrir, pero eso ya no es lo mismo&#8230;<\/span><\/p>\n<p><span style=\"color: #333399;\">As\u00ed que en estos d\u00edas no hay extremos: o te haces con una aut\u00e9ntica ganga o te vas de manos vac\u00edas porque ya no queda la talla o el modelo que quer\u00edas, pero merece la pena buscar porque, aunque las tiendas ya est\u00e1n copadas por las nuevas colecciones y los adelantos de oto\u00f1o-invierno (pese al calor que tenemos) es posible encontrar algo, aunque resulte dif\u00edcil.<\/span><\/p>\n<p><script type=\"text\/javascript\">var addthis_config = {\"data_track_clickback\":true,\"data_track_addressbar\":false,\"data_track_textcopy\":false,\"ui_atversion\":\"300\"}; var addthis_product = 'wpp-3.0.2';<\/script><script type=\"text\/javascript\" src=\"\/\/s7.addthis.com\/js\/300\/addthis_widget.js#pubid=ra-50fc27702fb34fca\"><\/script><\/p>\n<p><span style=\"color: #333399;\">Y que sep\u00e1is que no habr\u00e1 tregua para el sector del comercio pese al final de las rebajas ya que este domingo, 1 de septiembre, abren los centros comerciales y grandes superficies, as\u00ed que los que quieran empezar a preparar la vuelta al cole ya saben que tienen un d\u00eda &#8216;extra&#8217; en las tiendas.<\/span><\/p>\n","protected":false},"excerpt":{"rendered":"<p>Agosto llega a su fin y con \u00e9l las rebajas de verano. As\u00ed que si os quedan tres d\u00edas para intentar encontrar los \u00faltimos chollos porque los descuentos se acaban este s\u00e1bado, 31 de agosto. Otra cosa es que contin\u00faen promociones especiales y otras ofertas como suele ocurrir, pero eso ya no es lo mismo&#8230; [&hellip;]<\/p>\n","protected":false},"author":24,"featured_media":0,"comment_status":"open","ping_status":"open","sticky":false,"template":"","format":"standard","meta":[],"categories":[2,7],"tags":[],"_links":{"self":[{"href":"https:\/\/blogs.diariosur.es\/-que-le-compro-\/wp-json\/wp\/v2\/posts\/2186"}],"collection":[{"href":"https:\/\/blogs.diariosur.es\/-que-le-compro-\/wp-json\/wp\/v2\/posts"}],"about":[{"href":"https:\/\/blogs.diariosur.es\/-que-le-compro-\/wp-json\/wp\/v2\/types\/post"}],"author":[{"embeddable":true,"href":"https:\/\/blogs.diariosur.es\/-que-le-compro-\/wp-json\/wp\/v2\/users\/24"}],"replies":[{"embeddable":true,"href":"https:\/\/blogs.diariosur.es\/-que-le-compro-\/wp-json\/wp\/v2\/comments?post=2186"}],"version-history":[{"count":0,"href":"https:\/\/blogs.diariosur.es\/-que-le-compro-\/wp-json\/wp\/v2\/posts\/2186\/revisions"}],"wp:attachment":[{"href":"https:\/\/blogs.diariosur.es\/-que-le-compro-\/wp-json\/wp\/v2\/media?parent=2186"}],"wp:term":[{"taxonomy":"category","embeddable":true,"href":"https:\/\/blogs.diariosur.es\/-que-le-compro-\/wp-json\/wp\/v2\/categories?post=2186"},{"taxonomy":"post_tag","embeddable":true,"href":"https:\/\/blogs.diariosur.es\/-que-le-compro-\/wp-json\/wp\/v2\/tags?post=2186"}],"curies":[{"name":"wp","href":"https:\/\/api.w.org\/{rel}","templated":true}]}}