{"id":2187,"date":"2013-08-30T14:44:58","date_gmt":"2013-08-30T12:44:58","guid":{"rendered":"http:\/\/blogs.diariosur.es\/-que-le-compro-\/?p=2187"},"modified":"2013-08-30T14:44:58","modified_gmt":"2013-08-30T12:44:58","slug":"zoco-arabe-en-benalmadena-y-mercadillo-infantil-en-torrox-fuengirola-summer-market","status":"publish","type":"post","link":"https:\/\/blogs.diariosur.es\/-que-le-compro-\/2013\/08\/30\/zoco-arabe-en-benalmadena-y-mercadillo-infantil-en-torrox-fuengirola-summer-market\/","title":{"rendered":"Zoco \u00e1rabe en Benalm\u00e1dena, mercadillo infantil en Torrox y m\u00e1s este fin de semana en M\u00e1laga"},"content":{"rendered":"<p><span style=\"color: #000080;\">Tomad nota, porque septiembre se estrena en M\u00e1laga con varios mercadillos para tener donde elegir, como nos gusta en este blog. Por un lado, este viernes se estrena en <strong>Torrox costa el gran mercado infantil de la fantas\u00eda<\/strong>, que toma el relevo del celebrado en Rinc\u00f3n de la Victoria la semana pasada. La inauguraci\u00f3n ser\u00e1 a las 20.30 horas con el espect\u00e1culo \u2018El barco del capit\u00e1n Garfio\u2019, y el evento podr\u00e1 disfrutarse hasta el domingo en el Balc\u00f3n Mirador del Faro. Durante estos d\u00edas habr\u00e1, adem\u00e1s de expositores con artesan\u00eda y gastronom\u00eda, habr\u00e1 teatro, actuaciones musicales y juegos.<\/span><\/p>\n<p style=\"text-align: center;\"><a href=\"\/-que-le-compro-\/wp-content\/uploads\/sites\/19\/2013\/08\/mercado-torroxl.jpg\"><img loading=\"lazy\" class=\"size-full wp-image-2188 aligncenter\" title=\"Mercado infantil de la fantas\u00eda en Torrox\" src=\"\/-que-le-compro-\/wp-content\/uploads\/sites\/19\/2013\/08\/mercado-torroxl.jpg\" alt=\"Mercado infantil de la fantas\u00eda en Torrox\" width=\"450\" height=\"536\" srcset=\"https:\/\/static-blogs.diariosur.es\/wp-content\/uploads\/sites\/19\/2013\/08\/mercado-torroxl.jpg 450w, https:\/\/static-blogs.diariosur.es\/wp-content\/uploads\/sites\/19\/2013\/08\/mercado-torroxl-252x300.jpg 252w\" sizes=\"(max-width: 450px) 100vw, 450px\" \/><\/a><\/p>\n<p><span style=\"color: #000080;\">Paralelamente, <strong>Benalm\u00e1dena pueblo<\/strong> engalanar\u00e1 sus calles m\u00e1s c\u00e9ntricas con telas y jaimas con motivo del <strong>zoco \u00e1rabe Al-Baytar<\/strong>, que reunir\u00e1 a m\u00e1s de medio centenar de puestos artesanales y que contar\u00e1 tambi\u00e9n con diversas actividades paralelas.\u00a0La iniciativa se celebrar\u00e1 en la plaza de las Tres Culturas, calle Real, la plaza de la Ni\u00f1a y la explanada de la Iglesia Santo Domingo de Guzm\u00e1n tambi\u00e9n desde hoy y hasta el domingo.<\/span><\/p>\n<p><span style=\"color: #000080;\"> En los puestos artesanales, de los cuales el 50% pertenecen a vecinos del municipio, los visitantes podr\u00e1n encontrar todo tipo de productos \u00e1rabes como especias, ropas, talleres, caligrafistas as\u00ed como gastronom\u00eda. Tambi\u00e9n habr\u00e1 animaci\u00f3n, como pasacalles, danza del vientre, m\u00fasica en directo, juegos tradicionales, atracciones y paseos en burros para los m\u00e1s peque\u00f1os.<\/span><\/p>\n<p><span style=\"color: #000080;\">La cita arranca este viernes a las 18 horas, aunque su inauguraci\u00f3n oficial tendr\u00e1 lugar a las 21 horas, y se prolongar\u00e1 hasta las dos de la madrugada, aproximadamente. El s\u00e1bado y domingo, adem\u00e1s de la actividad de tarde, el zoco tambi\u00e9n contar\u00e1 con puestos artesanos de 12 a 14 horas.<\/span><\/p>\n<p><a href=\"\/-que-le-compro-\/wp-content\/uploads\/sites\/19\/2013\/08\/ronda-summer-art1.jpg\"><img loading=\"lazy\" class=\"aligncenter size-full wp-image-2189\" title=\"Muestra de artesan\u00eda veraniega en Ronda\" src=\"\/-que-le-compro-\/wp-content\/uploads\/sites\/19\/2013\/08\/ronda-summer-art1.jpg\" alt=\"Muestra de artesan\u00eda veraniega en Ronda\" width=\"450\" height=\"653\" srcset=\"https:\/\/static-blogs.diariosur.es\/wp-content\/uploads\/sites\/19\/2013\/08\/ronda-summer-art1.jpg 450w, https:\/\/static-blogs.diariosur.es\/wp-content\/uploads\/sites\/19\/2013\/08\/ronda-summer-art1-207x300.jpg 207w\" sizes=\"(max-width: 450px) 100vw, 450px\" \/><\/a><\/p>\n<p><span style=\"color: #000080;\">Estas son las novedades de este fin de semana, pero os recuerdo que en Ronda contin\u00faa la muestra de artesan\u00eda veraniega <\/span><strong style=\"color: #000080;\"><a href=\"https:\/\/blogs.diariosur.es\/-que-le-compro-\/2013\/08\/19\/summer-art-market-muestra-de-artesania-en-ronda\/ \"><span style=\"color: #000080;\">Summer Art Market<\/span><\/a><\/strong><span style=\"color: #000080;\">\u00a0hasta el pr\u00f3ximo 21 de septiembre en el paseo Blas Infante y tambi\u00e9n que este domingo el <strong>mercadillo Ba\u00f1os del Carmen<\/strong> acude a su cita de cada mes en el paseo mar\u00edtimo de El Palo. Ya sab\u00e9is, de 10 a 15 horas y esta edici\u00f3n ofrecer\u00e1 como novedad una biblioteca y un servicio de afilador de cuchillos, que se unir\u00e1 a su amplia oferta en moda, alimentaci\u00f3n, decoraci\u00f3n&#8230; Y en <strong>Muelle Uno<\/strong> se celebra una nueva edici\u00f3n del <strong>Green Market<\/strong>, con arte reciclado, talleres y productos ecol\u00f3gicos, de siete de la tarde a una de la madrugada. <\/span><\/p>\n<p><script type=\"text\/javascript\">var addthis_config = {\"data_track_clickback\":true,\"data_track_addressbar\":false,\"data_track_textcopy\":false,\"ui_atversion\":\"300\"}; var addthis_product = 'wpp-3.0.2';<\/script><script type=\"text\/javascript\" src=\"\/\/s7.addthis.com\/js\/300\/addthis_widget.js#pubid=ra-50fc27702fb34fca\"><\/script><\/p>\n<p><span style=\"color: #000080;\">En cambio, el<\/span><strong style=\"color: #000080;\"><a href=\"http:\/\/www.diariosur.es\/20130719\/local\/malaga\/jovenes-disenadores-toman-parque-201307190059.html\" rel=\"external nofollow\"><span style=\"color: #000080;\"> Fuengirola Summer Market<\/span><\/a><\/strong><span style=\"color: #000080;\"> se despide del parque del yacimiento romano de Fuengirola, donde cada viernes por la tarde desde el mes pasado ha ofrecido artesan\u00eda, m\u00fasica y magia para toda la familia. Y en su adi\u00f3s ofrecer\u00e1 facepainting para ni\u00f1os y noche de tango argentino, as\u00ed que el plan promete, \u00bfno os parece?<\/span><\/p>\n<p><span style=\"color: #333399;\">\u00a1Buen fin de semana!<\/span><\/p>\n","protected":false},"excerpt":{"rendered":"<p>Tomad nota, porque septiembre se estrena en M\u00e1laga con varios mercadillos para tener donde elegir, como nos gusta en este blog. Por un lado, este viernes se estrena en Torrox costa el gran mercado infantil de la fantas\u00eda, que toma el relevo del celebrado en Rinc\u00f3n de la Victoria la semana pasada. La inauguraci\u00f3n ser\u00e1 [&hellip;]<\/p>\n","protected":false},"author":24,"featured_media":0,"comment_status":"open","ping_status":"open","sticky":false,"template":"","format":"standard","meta":[],"categories":[3,4,6],"tags":[1489,1571,2181,2423,2559,3481,3966],"_links":{"self":[{"href":"https:\/\/blogs.diariosur.es\/-que-le-compro-\/wp-json\/wp\/v2\/posts\/2187"}],"collection":[{"href":"https:\/\/blogs.diariosur.es\/-que-le-compro-\/wp-json\/wp\/v2\/posts"}],"about":[{"href":"https:\/\/blogs.diariosur.es\/-que-le-compro-\/wp-json\/wp\/v2\/types\/post"}],"author":[{"embeddable":true,"href":"https:\/\/blogs.diariosur.es\/-que-le-compro-\/wp-json\/wp\/v2\/users\/24"}],"replies":[{"embeddable":true,"href":"https:\/\/blogs.diariosur.es\/-que-le-compro-\/wp-json\/wp\/v2\/comments?post=2187"}],"version-history":[{"count":0,"href":"https:\/\/blogs.diariosur.es\/-que-le-compro-\/wp-json\/wp\/v2\/posts\/2187\/revisions"}],"wp:attachment":[{"href":"https:\/\/blogs.diariosur.es\/-que-le-compro-\/wp-json\/wp\/v2\/media?parent=2187"}],"wp:term":[{"taxonomy":"category","embeddable":true,"href":"https:\/\/blogs.diariosur.es\/-que-le-compro-\/wp-json\/wp\/v2\/categories?post=2187"},{"taxonomy":"post_tag","embeddable":true,"href":"https:\/\/blogs.diariosur.es\/-que-le-compro-\/wp-json\/wp\/v2\/tags?post=2187"}],"curies":[{"name":"wp","href":"https:\/\/api.w.org\/{rel}","templated":true}]}}