{"id":3479,"date":"2015-08-14T13:07:27","date_gmt":"2015-08-14T11:07:27","guid":{"rendered":"http:\/\/blogs.diariosur.es\/-que-le-compro-\/?p=3479"},"modified":"2015-08-14T13:07:27","modified_gmt":"2015-08-14T11:07:27","slug":"mercadillos-malaga-feria-agenda-agosto","status":"publish","type":"post","link":"https:\/\/blogs.diariosur.es\/-que-le-compro-\/2015\/08\/14\/mercadillos-malaga-feria-agenda-agosto\/","title":{"rendered":"Mercadillos del finde y de la Feria de M\u00e1laga 2015"},"content":{"rendered":"<p>Ya est\u00e1 aqu\u00ed el viernes, uno bastante especial en M\u00e1laga ya que empieza la Feria de Agosto. As\u00ed que toca disfrutar de la fiesta, tanto en el Centro como en el Real, y tambi\u00e9n de la agenda de mercadillos de estos d\u00edas. Porque s\u00ed, si ten\u00edais dudas, que sep\u00e1is que las muestras artesanales siguen con su actividad en estas fechas.<br \/>\nLa lista de propuestas del finde arranca un <span style=\"text-decoration: underline;\">viernes<\/span> m\u00e1s en <strong>Los Boliches<\/strong>, ya que el Parque Yacimiento Romano acoge un mercadillo de siete de la tarde a doce de la noche.<\/p>\n<p>El<span style=\"text-decoration: underline;\"> s\u00e1bado 15<\/span>, que <strong><span style=\"color: #993300;\">os recuerdo es fiesta aunque abrir\u00e1n al p\u00fablico los centros comerciales y grandes superficies <\/span><\/strong> comienza el <a href=\"https:\/\/blogs.diariosur.es\/-que-le-compro-\/2015\/08\/11\/mercadillo-artesania-feria-malaga-plaza-merced\/\"><strong>mercado artesanal en la plaza de la Merced<\/strong><\/a>, que podr\u00e1 visitarse hasta el pr\u00f3ximo s\u00e1bado 22 de 12 a 18 horas.<\/p>\n<p>En esta ocasi\u00f3n no habr\u00e1 convocatoria del Estepona Market pero <strong>C\u00f3mpeta celebra su XL Noche del Vino<\/strong>, este s\u00e1bado que entre otras actividades ofrece un mercado medieval tradicional desde la plaza Almijara a la plaza de la Vendimia. Estar\u00e1 durante todo el d\u00eda y la noche.<\/p>\n<p style=\"text-align: center;\"><a href=\"\/-que-le-compro-\/wp-content\/uploads\/sites\/19\/2015\/08\/agenda-competa.jpg\"><img loading=\"lazy\" class=\"size-full wp-image-3480 aligncenter\" title=\"Mercadillo en la Noche del Vino de C\u00f3mpeta 2015\" src=\"\/-que-le-compro-\/wp-content\/uploads\/sites\/19\/2015\/08\/agenda-competa.jpg\" alt=\"Mercadillo en la Noche del Vino de C\u00f3mpeta 2015\" width=\"434\" height=\"615\" srcset=\"https:\/\/static-blogs.diariosur.es\/wp-content\/uploads\/sites\/19\/2015\/08\/agenda-competa.jpg 434w, https:\/\/static-blogs.diariosur.es\/wp-content\/uploads\/sites\/19\/2015\/08\/agenda-competa-212x300.jpg 212w\" sizes=\"(max-width: 434px) 100vw, 434px\" \/><\/a><\/p>\n<p>Para el <span style=\"text-decoration: underline;\">domingo os aviso de que no habr\u00e1 mercadillo artesanal en El Palo<\/span> pero si busc\u00e1is d\u00f3nde ir de compras que sep\u00e1is que hay Zoco en <strong>Muelle Uno<\/strong>\u00a0(18-00 horas) y adem\u00e1s contin\u00faa all\u00ed el Mercao de la Fresquita, todos los d\u00edas de ocho de la tarde a una de la madrugada. A esto se une durante esta semana su <strong><a href=\"http:\/\/www.diariosur.es\/feria\/201508\/12\/muelle-convierte-cuarto-consecutivo-20150812142026.html\" rel=\"external nofollow\">Feria del Mar<\/a><\/strong> ,con actividades diarias y gratuitas para toda la familia. Paralelamente, en <strong>Marbella<\/strong> puede visitarse el mercado gourmet Ambros\u00eda, en la urbanizaci\u00f3n La Alzambra, todos los d\u00edas de diez de la ma\u00f1ana hasta la medianoche y los fines de semana (viernes incluidos) hasta las dos de la madrugada. Y en <strong>Puerto Ban\u00fas<\/strong> contin\u00faa hasta septiembre la Muestra Internacional de Artesan\u00eda en la plaza Antonio Banderas.<\/p>\n<p><strong><span style=\"color: #0000ff;\">\u00a1Feliz fin de semana y feria 2015!<\/span><\/strong><\/p>\n","protected":false},"excerpt":{"rendered":"<p>Ya est\u00e1 aqu\u00ed el viernes, uno bastante especial en M\u00e1laga ya que empieza la Feria de Agosto. As\u00ed que toca disfrutar de la fiesta, tanto en el Centro como en el Real, y tambi\u00e9n de la agenda de mercadillos de estos d\u00edas. Porque s\u00ed, si ten\u00edais dudas, que sep\u00e1is que las muestras artesanales siguen con [&hellip;]<\/p>\n","protected":false},"author":24,"featured_media":0,"comment_status":"open","ping_status":"open","sticky":false,"template":"","format":"standard","meta":[],"categories":[3,4,6],"tags":[92,1373,1380,2370,2391,2420,2454,2572,2648],"_links":{"self":[{"href":"https:\/\/blogs.diariosur.es\/-que-le-compro-\/wp-json\/wp\/v2\/posts\/3479"}],"collection":[{"href":"https:\/\/blogs.diariosur.es\/-que-le-compro-\/wp-json\/wp\/v2\/posts"}],"about":[{"href":"https:\/\/blogs.diariosur.es\/-que-le-compro-\/wp-json\/wp\/v2\/types\/post"}],"author":[{"embeddable":true,"href":"https:\/\/blogs.diariosur.es\/-que-le-compro-\/wp-json\/wp\/v2\/users\/24"}],"replies":[{"embeddable":true,"href":"https:\/\/blogs.diariosur.es\/-que-le-compro-\/wp-json\/wp\/v2\/comments?post=3479"}],"version-history":[{"count":0,"href":"https:\/\/blogs.diariosur.es\/-que-le-compro-\/wp-json\/wp\/v2\/posts\/3479\/revisions"}],"wp:attachment":[{"href":"https:\/\/blogs.diariosur.es\/-que-le-compro-\/wp-json\/wp\/v2\/media?parent=3479"}],"wp:term":[{"taxonomy":"category","embeddable":true,"href":"https:\/\/blogs.diariosur.es\/-que-le-compro-\/wp-json\/wp\/v2\/categories?post=3479"},{"taxonomy":"post_tag","embeddable":true,"href":"https:\/\/blogs.diariosur.es\/-que-le-compro-\/wp-json\/wp\/v2\/tags?post=3479"}],"curies":[{"name":"wp","href":"https:\/\/api.w.org\/{rel}","templated":true}]}}