{"id":3483,"date":"2015-08-28T18:44:07","date_gmt":"2015-08-28T16:44:07","guid":{"rendered":"http:\/\/blogs.diariosur.es\/-que-le-compro-\/?p=3483"},"modified":"2015-08-28T18:44:07","modified_gmt":"2015-08-28T16:44:07","slug":"zoco-arabe-benalmadena-mercadillos-malaga","status":"publish","type":"post","link":"https:\/\/blogs.diariosur.es\/-que-le-compro-\/2015\/08\/28\/zoco-arabe-benalmadena-mercadillos-malaga\/","title":{"rendered":"Zoco \u00e1rabe en Benalm\u00e1dena y m\u00e1s mercadillos del finde"},"content":{"rendered":"<p>Agosto se despide. Y seguro que para muchos esto significa el final de las vacaciones, pero antes llega un fin de semana con unas propuestas m\u00e1s que interesantes para aquellos a los que nos gusta disfrutar de la artesan\u00eda en los mercadillos de M\u00e1laga. Para empezar, la agenda la abre (ya desde el jueves) el <strong>Zoco \u00e1rabe de Benalm\u00e1dena<\/strong> pueblo, que celebra por quinto a\u00f1o consecutivo.<\/p>\n<p>La calle Real, la plaza de Espa\u00f1a y los jardines del muro conforman el escenario de esta edici\u00f3n, que hasta el domingo ofrecer\u00e1 todas las tardes y noches artesan\u00eda, moda y decoraci\u00f3n a lo largo de sus m\u00e1s de 50 stands. Como novedad este a\u00f1o se contar\u00e1 con la participaci\u00f3n de la escuela de arco de Benalm\u00e1dena, que har\u00e1n demostraciones de este deporte.<\/p>\n<p><a href=\"\/-que-le-compro-\/wp-content\/uploads\/sites\/19\/2015\/08\/agenda-zoco.jpg\"><img loading=\"lazy\" class=\"aligncenter size-full wp-image-3484\" title=\"Zoco \u00e1rabe en Benalm\u00e1dena, 27-30 de agosto\" src=\"\/-que-le-compro-\/wp-content\/uploads\/sites\/19\/2015\/08\/agenda-zoco.jpg\" alt=\"Zoco \u00e1rabe en Benalm\u00e1dena, 27-30 de agosto\" width=\"540\" height=\"382\" srcset=\"https:\/\/static-blogs.diariosur.es\/wp-content\/uploads\/sites\/19\/2015\/08\/agenda-zoco.jpg 540w, https:\/\/static-blogs.diariosur.es\/wp-content\/uploads\/sites\/19\/2015\/08\/agenda-zoco-300x212.jpg 300w\" sizes=\"(max-width: 540px) 100vw, 540px\" \/><\/a><\/p>\n<p>El s\u00e1bado, la urbanizaci\u00f3n de Calahonda acoger\u00e1 de 18 a 23 horas el <strong>Crown Resort Craft Market<\/strong>, que se celebra todos los martes y s\u00e1bado con ese horario en pleno coraz\u00f3n de la Costa del Sol. Y Alhaur\u00edn el Grande vivir\u00e1 este 29 de agosto la cuarta edici\u00f3n de su noche creativa &#8216;\u00c9o no\u00e9&#8217;, con\u00a0actividades infantiles, exposiciones, poes\u00eda, conciertos y por supuesto un gran mercadillo. De 20.30 a una de la madrugada.<\/p>\n<p>Y el domingo, al ser el \u00faltimo mes, dos propuestas en la capital fijas de este d\u00eda. Una es el <strong>Malagueta 4 Market<\/strong>, que en el paseo mar\u00edtimo Ciudad de Melilla reunir\u00e1 a un buen n\u00famero de creadores locales que exhibir\u00e1n sus trabajos en moda, complementos y vintage, entre otros, de 11 a 22 horas. De 12 a 21 horas se podr\u00e1 visitar <strong>La Plaza Merced Market<\/strong>, en la c\u00e9ntrica plaza del mismo nombre que contar\u00e1 con alimentaci\u00f3n, decoraci\u00f3n, vintage y mucho m\u00e1s.<\/p>\n<p>\u00a1Buen fin de semana!<\/p>\n","protected":false},"excerpt":{"rendered":"<p>Agosto se despide. Y seguro que para muchos esto significa el final de las vacaciones, pero antes llega un fin de semana con unas propuestas m\u00e1s que interesantes para aquellos a los que nos gusta disfrutar de la artesan\u00eda en los mercadillos de M\u00e1laga. Para empezar, la agenda la abre (ya desde el jueves) el [&hellip;]<\/p>\n","protected":false},"author":24,"featured_media":0,"comment_status":"open","ping_status":"open","sticky":false,"template":"","format":"standard","meta":[],"categories":[3,4,5],"tags":[1902,2064,2637,2638],"_links":{"self":[{"href":"https:\/\/blogs.diariosur.es\/-que-le-compro-\/wp-json\/wp\/v2\/posts\/3483"}],"collection":[{"href":"https:\/\/blogs.diariosur.es\/-que-le-compro-\/wp-json\/wp\/v2\/posts"}],"about":[{"href":"https:\/\/blogs.diariosur.es\/-que-le-compro-\/wp-json\/wp\/v2\/types\/post"}],"author":[{"embeddable":true,"href":"https:\/\/blogs.diariosur.es\/-que-le-compro-\/wp-json\/wp\/v2\/users\/24"}],"replies":[{"embeddable":true,"href":"https:\/\/blogs.diariosur.es\/-que-le-compro-\/wp-json\/wp\/v2\/comments?post=3483"}],"version-history":[{"count":0,"href":"https:\/\/blogs.diariosur.es\/-que-le-compro-\/wp-json\/wp\/v2\/posts\/3483\/revisions"}],"wp:attachment":[{"href":"https:\/\/blogs.diariosur.es\/-que-le-compro-\/wp-json\/wp\/v2\/media?parent=3483"}],"wp:term":[{"taxonomy":"category","embeddable":true,"href":"https:\/\/blogs.diariosur.es\/-que-le-compro-\/wp-json\/wp\/v2\/categories?post=3483"},{"taxonomy":"post_tag","embeddable":true,"href":"https:\/\/blogs.diariosur.es\/-que-le-compro-\/wp-json\/wp\/v2\/tags?post=3483"}],"curies":[{"name":"wp","href":"https:\/\/api.w.org\/{rel}","templated":true}]}}