{"id":3486,"date":"2015-09-02T23:51:08","date_gmt":"2015-09-02T21:51:08","guid":{"rendered":"http:\/\/blogs.diariosur.es\/-que-le-compro-\/?p=3486"},"modified":"2015-09-02T23:51:08","modified_gmt":"2015-09-02T21:51:08","slug":"showroom-moda-marcas-malaga","status":"publish","type":"post","link":"https:\/\/blogs.diariosur.es\/-que-le-compro-\/2015\/09\/02\/showroom-moda-marcas-malaga\/","title":{"rendered":"Firmas de moda &#039;made in M\u00e1laga&#039; se unen en un showroom"},"content":{"rendered":"<p>El calendario marca que ya estamos en septiembre, pero en M\u00e1laga a\u00fan quedan muchos d\u00edas de verano. Y todav\u00eda se puede disfrutar de actividades al aire libre aprovechando la meteorolog\u00eda. Sin ir m\u00e1s lejos, este <span style=\"text-decoration: underline;\">jueves 3 de septiembre<\/span> se podr\u00e1 vivir una que seguro merecer\u00e1 mucho la pena, sobre todo para aquellos a los que nos gusta la moda. Cuatro firmas de M\u00e1laga se unir\u00e1n en un showroom para mostrar sus creaciones.<\/p>\n<p>Ser\u00e1 en Rinc\u00f3n de la Victoria, concretamente en\u00a0<span style=\"text-decoration: underline;\">La Calma Playa<\/span> (Avenida de la Axarqu\u00eda 40), donde a partir de las seis de la tarde exhibir\u00e1n sus trabajos las firmas malague\u00f1as\u00a0<strong>Momo Shop<\/strong>, <strong>Eme Ele<\/strong>, <strong>Os by Noelia <\/strong> y <strong> Bestie County<\/strong>. Bolsos y distintos complementos, art\u00edculos de bisuter\u00eda y prendas de vestir ser\u00e1n los protagonistas de esta cita, con entrada libre a pie de playa. \u00bfA que pinta muy bien? Pues apunt\u00e1oslo en la agenda, \u00a1avisad@s qued\u00e1is!<\/p>\n<div id=\"attachment_3488\" style=\"width: 550px\" class=\"wp-caption aligncenter\"><a href=\"\/-que-le-compro-\/wp-content\/uploads\/sites\/19\/2015\/09\/lacalma-showroom.jpg\"><img aria-describedby=\"caption-attachment-3488\" loading=\"lazy\" class=\"size-full wp-image-3488\" title=\"Showroom en La Calma Playa, 3 de septiembre\" src=\"\/-que-le-compro-\/wp-content\/uploads\/sites\/19\/2015\/09\/lacalma-showroom.jpg\" alt=\"Showroom en La Calma Playa, 3 de septiembre\" width=\"540\" height=\"400\" srcset=\"https:\/\/static-blogs.diariosur.es\/wp-content\/uploads\/sites\/19\/2015\/09\/lacalma-showroom.jpg 540w, https:\/\/static-blogs.diariosur.es\/wp-content\/uploads\/sites\/19\/2015\/09\/lacalma-showroom-300x222.jpg 300w\" sizes=\"(max-width: 540px) 100vw, 540px\" \/><\/a><p id=\"caption-attachment-3488\" class=\"wp-caption-text\">Showroom de moda en La Calma Playa, jueves 3 de septiembre. :: B. C.<\/p><\/div>\n","protected":false},"excerpt":{"rendered":"<p>El calendario marca que ya estamos en septiembre, pero en M\u00e1laga a\u00fan quedan muchos d\u00edas de verano. Y todav\u00eda se puede disfrutar de actividades al aire libre aprovechando la meteorolog\u00eda. Sin ir m\u00e1s lejos, este jueves 3 de septiembre se podr\u00e1 vivir una que seguro merecer\u00e1 mucho la pena, sobre todo para aquellos a los [&hellip;]<\/p>\n","protected":false},"author":24,"featured_media":0,"comment_status":"open","ping_status":"open","sticky":false,"template":"","format":"standard","meta":[],"categories":[6,7],"tags":[425,1245,1849,2531,2760,3391],"_links":{"self":[{"href":"https:\/\/blogs.diariosur.es\/-que-le-compro-\/wp-json\/wp\/v2\/posts\/3486"}],"collection":[{"href":"https:\/\/blogs.diariosur.es\/-que-le-compro-\/wp-json\/wp\/v2\/posts"}],"about":[{"href":"https:\/\/blogs.diariosur.es\/-que-le-compro-\/wp-json\/wp\/v2\/types\/post"}],"author":[{"embeddable":true,"href":"https:\/\/blogs.diariosur.es\/-que-le-compro-\/wp-json\/wp\/v2\/users\/24"}],"replies":[{"embeddable":true,"href":"https:\/\/blogs.diariosur.es\/-que-le-compro-\/wp-json\/wp\/v2\/comments?post=3486"}],"version-history":[{"count":0,"href":"https:\/\/blogs.diariosur.es\/-que-le-compro-\/wp-json\/wp\/v2\/posts\/3486\/revisions"}],"wp:attachment":[{"href":"https:\/\/blogs.diariosur.es\/-que-le-compro-\/wp-json\/wp\/v2\/media?parent=3486"}],"wp:term":[{"taxonomy":"category","embeddable":true,"href":"https:\/\/blogs.diariosur.es\/-que-le-compro-\/wp-json\/wp\/v2\/categories?post=3486"},{"taxonomy":"post_tag","embeddable":true,"href":"https:\/\/blogs.diariosur.es\/-que-le-compro-\/wp-json\/wp\/v2\/tags?post=3486"}],"curies":[{"name":"wp","href":"https:\/\/api.w.org\/{rel}","templated":true}]}}