{"id":3489,"date":"2015-09-04T18:21:02","date_gmt":"2015-09-04T16:21:02","guid":{"rendered":"http:\/\/blogs.diariosur.es\/-que-le-compro-\/?p=3489"},"modified":"2015-09-04T18:21:02","modified_gmt":"2015-09-04T16:21:02","slug":"mercadillos-malaga-septiembre-malaga","status":"publish","type":"post","link":"https:\/\/blogs.diariosur.es\/-que-le-compro-\/2015\/09\/04\/mercadillos-malaga-septiembre-malaga\/","title":{"rendered":"La artesan\u00eda vuelve a La Invisible: primera agenda de mercadillos de septiembre"},"content":{"rendered":"<p>\u00a1Buenas! Ya ha comenzado septiembre, lo que significa la vuelta al cole y tambi\u00e9n el regreso al trabajo de muchos. Aunque la agenda de mercadillos se ha mantenido a un gran nivel durante este verano en M\u00e1laga, hay algunos (los menos, todo hay que decirlo) que se han tomado un peque\u00f1o par\u00e9ntesis. Y entre estos se encuentran los Artesanxs Invisibles, que regresan este s\u00e1bado tras el par\u00f3n de agosto.<\/p>\n<p>As\u00ed que ya sab\u00e9is, de 11 a 18 horas en la entrada a <strong>La Casa Invisible<\/strong> por la calle Andr\u00e9s P\u00e9rez n\u00famero 8 podremos encontrar el talento de varios creadores locales, que exhibir\u00e1n en la capital sus trabajos de decoraci\u00f3n, scrap, crochet, cer\u00e1mica, moda y complementos, as\u00ed como trabajos realizados con fieltro, foami y goma eva, entre otras muchas cosas. Y ojo porque <span style=\"text-decoration: underline;\">faltar\u00e1 a su cita mensual en Puerto de la Torre PaseArte<\/span>, que por ahora ha dejado de celebrarse.<\/p>\n<p>Y entre las novedades de este fin de semana destaca el <strong>Zoco \u00e1rabe de Torremolinos<\/strong>, que podr\u00e1 visitarse en la plaza Andaluc\u00eda del viernes al domingo durante todo el d\u00eda, ya que los 20 puestos que ofrece estar\u00e1n abiertos al p\u00fablico de diez de la ma\u00f1ana hasta la medianoche, y estar\u00e1n acompa\u00f1ados de varios espect\u00e1culos.<\/p>\n<p>El plato fuerte ser\u00e1 el domingo. Por un lado, estaba prevista la vuelta de la artesan\u00eda al <strong>paseo mar\u00edtimo Antonio Banderas<\/strong>, en la zona de Huelin, tambi\u00e9n en la capital. De la \u00a0mano de M\u00e1laga es Arte, este mercadillo a pie de playa iba a abrir de siete de la tarde a doce de la noche con artesan\u00eda, moda, complementos y otras sorpresas m\u00e1s, pero ante la <span style=\"text-decoration: underline;\">previsi\u00f3n de lluvia qued\u00f3 suspendido<\/span>. Una hora antes comenzar\u00e1 el Zoco de <strong>Muelle Uno<\/strong>, con una oferta bastante similar, y que este domingo se celebrar\u00e1 de forma paralela, una vez m\u00e1s, al Mercao de la Fresquita, que contin\u00faa hasta el pr\u00f3ximo d\u00eda 13 de ocho de la tarde a una de la madrugada, diariamente.<\/p>\n<p>Tambi\u00e9n vive sus \u00faltimos d\u00edas\u00a0\u00a0la XV Muestra Internacional de Artesan\u00eda, en\u00a0la plaza Antonio Banderas, en\u00a0<strong>Puerto Ban\u00fas<\/strong>, \u00a0hasta el 15 de septiembre. Como ya sabr\u00e9is, tiene lugar de\u00a011 a 23 horas cada d\u00eda, aunque los fines de semana se prolonga hasta la una de la madrugada.<\/p>\n<p>\u00a1Buen fin de semana!<\/p>\n","protected":false},"excerpt":{"rendered":"<p>\u00a1Buenas! Ya ha comenzado septiembre, lo que significa la vuelta al cole y tambi\u00e9n el regreso al trabajo de muchos. Aunque la agenda de mercadillos se ha mantenido a un gran nivel durante este verano en M\u00e1laga, hay algunos (los menos, todo hay que decirlo) que se han tomado un peque\u00f1o par\u00e9ntesis. Y entre estos [&hellip;]<\/p>\n","protected":false},"author":24,"featured_media":0,"comment_status":"open","ping_status":"open","sticky":false,"template":"","format":"standard","meta":[],"categories":[3,4,6],"tags":[261,1214,2254,2372,2559,3968],"_links":{"self":[{"href":"https:\/\/blogs.diariosur.es\/-que-le-compro-\/wp-json\/wp\/v2\/posts\/3489"}],"collection":[{"href":"https:\/\/blogs.diariosur.es\/-que-le-compro-\/wp-json\/wp\/v2\/posts"}],"about":[{"href":"https:\/\/blogs.diariosur.es\/-que-le-compro-\/wp-json\/wp\/v2\/types\/post"}],"author":[{"embeddable":true,"href":"https:\/\/blogs.diariosur.es\/-que-le-compro-\/wp-json\/wp\/v2\/users\/24"}],"replies":[{"embeddable":true,"href":"https:\/\/blogs.diariosur.es\/-que-le-compro-\/wp-json\/wp\/v2\/comments?post=3489"}],"version-history":[{"count":0,"href":"https:\/\/blogs.diariosur.es\/-que-le-compro-\/wp-json\/wp\/v2\/posts\/3489\/revisions"}],"wp:attachment":[{"href":"https:\/\/blogs.diariosur.es\/-que-le-compro-\/wp-json\/wp\/v2\/media?parent=3489"}],"wp:term":[{"taxonomy":"category","embeddable":true,"href":"https:\/\/blogs.diariosur.es\/-que-le-compro-\/wp-json\/wp\/v2\/categories?post=3489"},{"taxonomy":"post_tag","embeddable":true,"href":"https:\/\/blogs.diariosur.es\/-que-le-compro-\/wp-json\/wp\/v2\/tags?post=3489"}],"curies":[{"name":"wp","href":"https:\/\/api.w.org\/{rel}","templated":true}]}}