{"id":3492,"date":"2015-09-10T16:52:47","date_gmt":"2015-09-10T14:52:47","guid":{"rendered":"http:\/\/blogs.diariosur.es\/-que-le-compro-\/?p=3492"},"modified":"2015-09-10T16:52:47","modified_gmt":"2015-09-10T14:52:47","slug":"showroom-habitacion-kate-hotel","status":"publish","type":"post","link":"https:\/\/blogs.diariosur.es\/-que-le-compro-\/2015\/09\/10\/showroom-habitacion-kate-hotel\/","title":{"rendered":"La habitaci\u00f3n de Kate muestra su moda en las alturas"},"content":{"rendered":"<p>\u00bfBuscando planes para este jueves en M\u00e1laga? Pues aqu\u00ed ten\u00e9is una propuesta m\u00e1s que completa, porque a\u00fana moda a buen precio y unas preciosas vistas de la ciudad. Se trata de una venta especial de moda organizada por la tienda La habitaci\u00f3n de Kate, que tras un peque\u00f1o par\u00e9ntesis veraniego retoma sus actividades extra al aire libre.<\/p>\n<p>La cita ser\u00e1, una vez m\u00e1s, en la terraza del hotel Molina Lario (en la c\u00e9ntrica calle del mismo nombre) de 20 a 23 horas. All\u00ed habr\u00e1 ropa y complementos de segunda mano de Kate&#8217;s Bazaar, y novedades y descuentos de La habitaci\u00f3n de Kate. La entrada es gratuita, como siempre.<\/p>\n<p>\u00a1A disfrutarla!<\/p>\n<p>&nbsp;<\/p>\n<p>&nbsp;<\/p>\n<p><a href=\"\/-que-le-compro-\/wp-content\/uploads\/sites\/19\/2015\/09\/kate-septiembre.jpg\"><img loading=\"lazy\" class=\"aligncenter size-full wp-image-3493\" title=\"Mercadillo La habitaci\u00f3n de Kate, 10 de septiembre\" src=\"\/-que-le-compro-\/wp-content\/uploads\/sites\/19\/2015\/09\/kate-septiembre.jpg\" alt=\"Mercadillo La habitaci\u00f3n de Kate, 10 de septiembre\" width=\"540\" height=\"549\" srcset=\"https:\/\/static-blogs.diariosur.es\/wp-content\/uploads\/sites\/19\/2015\/09\/kate-septiembre.jpg 540w, https:\/\/static-blogs.diariosur.es\/wp-content\/uploads\/sites\/19\/2015\/09\/kate-septiembre-295x300.jpg 295w\" sizes=\"(max-width: 540px) 100vw, 540px\" \/><\/a><\/p>\n","protected":false},"excerpt":{"rendered":"<p>\u00bfBuscando planes para este jueves en M\u00e1laga? Pues aqu\u00ed ten\u00e9is una propuesta m\u00e1s que completa, porque a\u00fana moda a buen precio y unas preciosas vistas de la ciudad. Se trata de una venta especial de moda organizada por la tienda La habitaci\u00f3n de Kate, que tras un peque\u00f1o par\u00e9ntesis veraniego retoma sus actividades extra al [&hellip;]<\/p>\n","protected":false},"author":24,"featured_media":0,"comment_status":"open","ping_status":"open","sticky":false,"template":"","format":"standard","meta":[],"categories":[7],"tags":[1651,1823,1878,1899],"_links":{"self":[{"href":"https:\/\/blogs.diariosur.es\/-que-le-compro-\/wp-json\/wp\/v2\/posts\/3492"}],"collection":[{"href":"https:\/\/blogs.diariosur.es\/-que-le-compro-\/wp-json\/wp\/v2\/posts"}],"about":[{"href":"https:\/\/blogs.diariosur.es\/-que-le-compro-\/wp-json\/wp\/v2\/types\/post"}],"author":[{"embeddable":true,"href":"https:\/\/blogs.diariosur.es\/-que-le-compro-\/wp-json\/wp\/v2\/users\/24"}],"replies":[{"embeddable":true,"href":"https:\/\/blogs.diariosur.es\/-que-le-compro-\/wp-json\/wp\/v2\/comments?post=3492"}],"version-history":[{"count":0,"href":"https:\/\/blogs.diariosur.es\/-que-le-compro-\/wp-json\/wp\/v2\/posts\/3492\/revisions"}],"wp:attachment":[{"href":"https:\/\/blogs.diariosur.es\/-que-le-compro-\/wp-json\/wp\/v2\/media?parent=3492"}],"wp:term":[{"taxonomy":"category","embeddable":true,"href":"https:\/\/blogs.diariosur.es\/-que-le-compro-\/wp-json\/wp\/v2\/categories?post=3492"},{"taxonomy":"post_tag","embeddable":true,"href":"https:\/\/blogs.diariosur.es\/-que-le-compro-\/wp-json\/wp\/v2\/tags?post=3492"}],"curies":[{"name":"wp","href":"https:\/\/api.w.org\/{rel}","templated":true}]}}