{"id":3495,"date":"2015-09-11T18:55:40","date_gmt":"2015-09-11T16:55:40","guid":{"rendered":"http:\/\/blogs.diariosur.es\/-que-le-compro-\/?p=3495"},"modified":"2015-09-11T18:55:40","modified_gmt":"2015-09-11T16:55:40","slug":"mercadillos-malaga-fiestas-septiembre","status":"publish","type":"post","link":"https:\/\/blogs.diariosur.es\/-que-le-compro-\/2015\/09\/11\/mercadillos-malaga-fiestas-septiembre\/","title":{"rendered":"Agenda del finde: Fiestas con artesan\u00eda y adi\u00f3s del Mercao de la Fresquita"},"content":{"rendered":"<p>Unos que van y otros que llegan, como sucede con las vacaciones de muchos ahora que cambia la quincena. El segundo fin de semana de septiembre ofrece una variada agenda de mercadillos en distintos puntos de M\u00e1laga (capital y provincia) y tambi\u00e9n alguna que otra despedida. Este es el caso del <strong>Mercao de la Fresquita<\/strong>, que lleva todo el verano celebr\u00e1ndose cada d\u00eda en Muelle Uno. Este domingo, 13 de septiembre, llegar\u00e1 a su fin, y echar\u00e1 el resto entonces, ya que de once de la ma\u00f1ana a una de la madrugada permanecer\u00e1n abiertos al p\u00fablico sus stands con moda, artesan\u00eda y los Pellizquitos del cocinero Jos\u00e9 Carlos Garc\u00eda.<\/p>\n<p>&nbsp;<\/p>\n<p><a href=\"\/-que-le-compro-\/wp-content\/uploads\/sites\/19\/2015\/09\/agenda-pellizquitos.jpg\"><img loading=\"lazy\" class=\"aligncenter size-full wp-image-3497\" title=\"\u00daltimos d\u00edas del Mercao de la Fresquita en Muelle Uno\" src=\"\/-que-le-compro-\/wp-content\/uploads\/sites\/19\/2015\/09\/agenda-pellizquitos.jpg\" alt=\"\u00daltimos d\u00edas del Mercao de la Fresquita en Muelle Uno\" width=\"540\" height=\"528\" srcset=\"https:\/\/static-blogs.diariosur.es\/wp-content\/uploads\/sites\/19\/2015\/09\/agenda-pellizquitos.jpg 540w, https:\/\/static-blogs.diariosur.es\/wp-content\/uploads\/sites\/19\/2015\/09\/agenda-pellizquitos-300x293.jpg 300w\" sizes=\"(max-width: 540px) 100vw, 540px\" \/><\/a><\/p>\n<p>Y ya este viernes arranca el <strong>XIX Festival Villa de Guaro<\/strong>, donde las farolas ceden el testigo a las velas para iluminar el municipio, que contar\u00e1 de este modo con un halo muy especial este viernes y el s\u00e1bado. Entre otras actividades, ofrecer\u00e1 un gran zoco adem\u00e1s de pasacalles, cuentacuentos y distintos talleres. Como suele suceder, coincide en el calendario con el Festival <strong>Embrujo Andalus\u00ed de Carratraca<\/strong>, que tambi\u00e9n cuenta con un gran bazar formado por 80 puestos en el que seguro ser\u00e1 muy dif\u00edcil no caer en la tentaci\u00f3n. Tambi\u00e9n desde este viernes hasta el domingo.<\/p>\n<p>El s\u00e1bado, d\u00eda 12, habr\u00e1 una cita en <strong>Torrox, que celebra su D\u00eda del Turista<\/strong>. Entre el programa de actos previsto para esta celebraci\u00f3n destaca el mercado romano denominado &#8216;Civitas Caviclum&#8217;, en la zona del conjunto arqueol\u00f3gico de El Faro, que reunir\u00e1 productos locales de distinto tipo junto a varios de otras localidades de la Axarqu\u00eda.<\/p>\n<p>Al ser el segundo s\u00e1bado del mes toca visita a La Cala del Moral, que acoge una nueva edici\u00f3n de <strong>La Cala Market<\/strong>. Ojo porque estrena horario y tendr\u00e1 lugar de 10 a 15 horas. Organizado por La Chistera Comunicaci\u00f3n y Eventos junto a M\u00e1laga es Arte y con la colaboraci\u00f3n del Ayuntamiento de Rinc\u00f3n de la Victoria, este gran bazar incluye en su gran escaparate artesan\u00eda, moda para ni\u00f1os y mayores, complementos, alimentaci\u00f3n y mucho m\u00e1s. Adem\u00e1s, desde las diez de la ma\u00f1ana los m\u00e1s peque\u00f1os podr\u00e1n asistir gratis a un taller de creaci\u00f3n de abalorios impartido por Magic Soutache.<\/p>\n<p>Y un aviso para los despistados: el domingo <strong>no busqu\u00e9is los stands de El Paseo Market<\/strong> en Pedregalejo, ya que como os anunci\u00e9 semanas atr\u00e1s se despidi\u00f3 de sus seguidores en agosto. Y os recuerdo que es el \u00faltimo d\u00eda para visitar en <strong>Muelle Uno<\/strong> el Mercao de la Fresquita y que el Zoco (tambi\u00e9n de Muelle Uno) cambia su horario y se celebrar\u00e1 de 11 a 18 horas.<\/p>\n<p>\u00a1Buen fin de semana!<\/p>\n<p>&nbsp;<\/p>\n<p>&nbsp;<\/p>\n<p>&nbsp;<\/p>\n","protected":false},"excerpt":{"rendered":"<p>Unos que van y otros que llegan, como sucede con las vacaciones de muchos ahora que cambia la quincena. El segundo fin de semana de septiembre ofrece una variada agenda de mercadillos en distintos puntos de M\u00e1laga (capital y provincia) y tambi\u00e9n alguna que otra despedida. Este es el caso del Mercao de la Fresquita, [&hellip;]<\/p>\n","protected":false},"author":24,"featured_media":0,"comment_status":"open","ping_status":"open","sticky":false,"template":"","format":"standard","meta":[],"categories":[4],"tags":[89,1219,1244,1397,1848,2265,2454],"_links":{"self":[{"href":"https:\/\/blogs.diariosur.es\/-que-le-compro-\/wp-json\/wp\/v2\/posts\/3495"}],"collection":[{"href":"https:\/\/blogs.diariosur.es\/-que-le-compro-\/wp-json\/wp\/v2\/posts"}],"about":[{"href":"https:\/\/blogs.diariosur.es\/-que-le-compro-\/wp-json\/wp\/v2\/types\/post"}],"author":[{"embeddable":true,"href":"https:\/\/blogs.diariosur.es\/-que-le-compro-\/wp-json\/wp\/v2\/users\/24"}],"replies":[{"embeddable":true,"href":"https:\/\/blogs.diariosur.es\/-que-le-compro-\/wp-json\/wp\/v2\/comments?post=3495"}],"version-history":[{"count":0,"href":"https:\/\/blogs.diariosur.es\/-que-le-compro-\/wp-json\/wp\/v2\/posts\/3495\/revisions"}],"wp:attachment":[{"href":"https:\/\/blogs.diariosur.es\/-que-le-compro-\/wp-json\/wp\/v2\/media?parent=3495"}],"wp:term":[{"taxonomy":"category","embeddable":true,"href":"https:\/\/blogs.diariosur.es\/-que-le-compro-\/wp-json\/wp\/v2\/categories?post=3495"},{"taxonomy":"post_tag","embeddable":true,"href":"https:\/\/blogs.diariosur.es\/-que-le-compro-\/wp-json\/wp\/v2\/tags?post=3495"}],"curies":[{"name":"wp","href":"https:\/\/api.w.org\/{rel}","templated":true}]}}