{"id":3498,"date":"2015-09-14T13:31:08","date_gmt":"2015-09-14T11:31:08","guid":{"rendered":"http:\/\/blogs.diariosur.es\/-que-le-compro-\/?p=3498"},"modified":"2015-09-14T13:31:08","modified_gmt":"2015-09-14T11:31:08","slug":"pulsera-solidaria-penelope-cruz-viceroy","status":"publish","type":"post","link":"https:\/\/blogs.diariosur.es\/-que-le-compro-\/2015\/09\/14\/pulsera-solidaria-penelope-cruz-viceroy\/","title":{"rendered":"Pulsera solidaria en la lucha contra la leucemia infantil"},"content":{"rendered":"<p>Si ten\u00e9is que hacer un regalo tened en cuenta esta iniciativa,porque va a beneficio de la lucha contra la leucemia infantil. Llega de la mano de <strong>Viceroy<\/strong> y cuenta con una madrina de excepci\u00f3n, <strong>Pen\u00e9lope Cruz<\/strong>, que se ha sumado a esta causa coincidiendo con el estreno de &#8216;<strong>MaMa<\/strong>&#8216;, la \u00faltima pel\u00edcula de esta actriz que cuenta la historia de una enferma de c\u00e1ncer de mama.<\/p>\n<div id=\"attachment_3500\" style=\"width: 550px\" class=\"wp-caption aligncenter\"><a href=\"\/-que-le-compro-\/wp-content\/uploads\/sites\/19\/2015\/09\/pulsera-penelope.jpg\"><img aria-describedby=\"caption-attachment-3500\" loading=\"lazy\" class=\"size-full wp-image-3500\" title=\"Pen\u00e9lope Cruz, con la pulsera solidaria de Viceroy y Uno entre Cien Mil\" src=\"\/-que-le-compro-\/wp-content\/uploads\/sites\/19\/2015\/09\/pulsera-penelope.jpg\" alt=\"Pen\u00e9lope Cruz, con la pulsera solidaria de Viceroy y Uno entre Cien Mil\" width=\"540\" height=\"727\" srcset=\"https:\/\/static-blogs.diariosur.es\/wp-content\/uploads\/sites\/19\/2015\/09\/pulsera-penelope.jpg 540w, https:\/\/static-blogs.diariosur.es\/wp-content\/uploads\/sites\/19\/2015\/09\/pulsera-penelope-223x300.jpg 223w\" sizes=\"(max-width: 540px) 100vw, 540px\" \/><\/a><p id=\"caption-attachment-3500\" class=\"wp-caption-text\">Pen\u00e9lope Cruz, con la pulsera solidaria de Viceroy y Uno entre Cien Mil<\/p><\/div>\n<p>Este bonita pulsera surge de la colaboracio\u0301n entre la firma de joyer\u00eda, la fundacio\u0301n <strong><a href=\"http:\/\/www.unoentrecienmil.org\/\" rel=\"external nofollow\">Uno Entre Cien Mil<\/a><\/strong> y Pen\u00e9lope Cruz, que han lanzado juntos esta colecci\u00f3n cuyo reto es ayudar a combatir la leucemia infantil, una enfermedad con ma\u0301s de 300 casos diagnosticados al an\u0303o solo en Espan\u0303a.<\/p>\n<p>Ya est\u00e1n a la venta cuatro modelos de pulsera: dos de hombre realizadas en piel en dos colores y acero inoxidable; y dos de mujeres, a base de cordo\u0301n en dos colores, negro y rojo, plata de ley y cristales. El precio de cada uno de los bonitos y solidarios complementos, que ya pueden adquirirse en las tiendas de la firma, es de 49 euros.<\/p>\n<p><a href=\"\/-que-le-compro-\/wp-content\/uploads\/sites\/19\/2015\/09\/pulsera-solidaria2.jpg\"><img loading=\"lazy\" class=\"aligncenter size-full wp-image-3501\" title=\"Uno de los modelos solidarios de la pulsera\" src=\"\/-que-le-compro-\/wp-content\/uploads\/sites\/19\/2015\/09\/pulsera-solidaria2.jpg\" alt=\"Uno de los modelos solidarios de la pulsera\" width=\"540\" height=\"460\" srcset=\"https:\/\/static-blogs.diariosur.es\/wp-content\/uploads\/sites\/19\/2015\/09\/pulsera-solidaria2.jpg 540w, https:\/\/static-blogs.diariosur.es\/wp-content\/uploads\/sites\/19\/2015\/09\/pulsera-solidaria2-300x256.jpg 300w\" sizes=\"(max-width: 540px) 100vw, 540px\" \/><\/a><\/p>\n<p>&nbsp;<\/p>\n<p><a href=\"\/-que-le-compro-\/wp-content\/uploads\/sites\/19\/2015\/09\/pulsera-solidaria3.jpg\"><img loading=\"lazy\" class=\"aligncenter size-full wp-image-3502\" title=\"Uno de los modelos solidarios de la pulsera\" src=\"\/-que-le-compro-\/wp-content\/uploads\/sites\/19\/2015\/09\/pulsera-solidaria3.jpg\" alt=\"Uno de los modelos solidarios de la pulsera\" width=\"540\" height=\"420\" srcset=\"https:\/\/static-blogs.diariosur.es\/wp-content\/uploads\/sites\/19\/2015\/09\/pulsera-solidaria3.jpg 540w, https:\/\/static-blogs.diariosur.es\/wp-content\/uploads\/sites\/19\/2015\/09\/pulsera-solidaria3-300x233.jpg 300w\" sizes=\"(max-width: 540px) 100vw, 540px\" \/><\/a><\/p>\n","protected":false},"excerpt":{"rendered":"<p>Si ten\u00e9is que hacer un regalo tened en cuenta esta iniciativa,porque va a beneficio de la lucha contra la leucemia infantil. Llega de la mano de Viceroy y cuenta con una madrina de excepci\u00f3n, Pen\u00e9lope Cruz, que se ha sumado a esta causa coincidiendo con el estreno de &#8216;MaMa&#8216;, la \u00faltima pel\u00edcula de esta actriz [&hellip;]<\/p>\n","protected":false},"author":24,"featured_media":0,"comment_status":"open","ping_status":"open","sticky":false,"template":"","format":"standard","meta":[],"categories":[6,7],"tags":[1509,3079,3080,3085,3881],"_links":{"self":[{"href":"https:\/\/blogs.diariosur.es\/-que-le-compro-\/wp-json\/wp\/v2\/posts\/3498"}],"collection":[{"href":"https:\/\/blogs.diariosur.es\/-que-le-compro-\/wp-json\/wp\/v2\/posts"}],"about":[{"href":"https:\/\/blogs.diariosur.es\/-que-le-compro-\/wp-json\/wp\/v2\/types\/post"}],"author":[{"embeddable":true,"href":"https:\/\/blogs.diariosur.es\/-que-le-compro-\/wp-json\/wp\/v2\/users\/24"}],"replies":[{"embeddable":true,"href":"https:\/\/blogs.diariosur.es\/-que-le-compro-\/wp-json\/wp\/v2\/comments?post=3498"}],"version-history":[{"count":0,"href":"https:\/\/blogs.diariosur.es\/-que-le-compro-\/wp-json\/wp\/v2\/posts\/3498\/revisions"}],"wp:attachment":[{"href":"https:\/\/blogs.diariosur.es\/-que-le-compro-\/wp-json\/wp\/v2\/media?parent=3498"}],"wp:term":[{"taxonomy":"category","embeddable":true,"href":"https:\/\/blogs.diariosur.es\/-que-le-compro-\/wp-json\/wp\/v2\/categories?post=3498"},{"taxonomy":"post_tag","embeddable":true,"href":"https:\/\/blogs.diariosur.es\/-que-le-compro-\/wp-json\/wp\/v2\/tags?post=3498"}],"curies":[{"name":"wp","href":"https:\/\/api.w.org\/{rel}","templated":true}]}}