{"id":3504,"date":"2015-09-17T20:41:58","date_gmt":"2015-09-17T18:41:58","guid":{"rendered":"http:\/\/blogs.diariosur.es\/-que-le-compro-\/?p=3504"},"modified":"2015-09-17T20:41:58","modified_gmt":"2015-09-17T18:41:58","slug":"pasarela-larios-2015-tiendas-desfiles","status":"publish","type":"post","link":"https:\/\/blogs.diariosur.es\/-que-le-compro-\/2015\/09\/17\/pasarela-larios-2015-tiendas-desfiles\/","title":{"rendered":"Tiendas de M\u00e1laga se suben a la Pasarela Larios 2015"},"content":{"rendered":"<p>La calle Larios se prepara para lucir sus mejores galas, porque llega la quinta edici\u00f3n de la <strong>Pasarela Larios<\/strong>, el evento de moda m\u00e1s importante de la ciudad. Arrancar\u00e1 el viernes a las 20.30 horas y, como en anteriores ocasiones, varias firmas de M\u00e1laga ser\u00e1n protagonistas en la segunda y \u00faltima jornada. Este a\u00f1o el s\u00e1bado lucir\u00e1n sus prendas sobre la gran alfombra roja <strong>La Gioconda Novias, Olimara<\/strong>, las marcas de El Corte Ingl\u00e9s de <strong>Emidio Tucci, Tintoretto, Sintesis, Elogy, Amitie y F\u00f3rmula Joven, junto con Txano Complementos, Impecable, Protocolo Novios, Valerio Luna, Mario Teo, Sena Design y Selected.<\/strong> Tambi\u00e9n se reconocer\u00e1 la trayectoria profesional de Olimara, que ha conseguido hacerse con un hueco en este dif\u00edcil sector.<\/p>\n<p>Las firmas compartir\u00e1n protagonismo con j\u00f3venes dise\u00f1adores que por primera vez participan en Pasarela Larios M\u00e1laga Fashion Wee, y que \u00a0son Bartolom\u00e9 Barrera, Jorge S\u00e1nchez, Dalal Alhasan y Lara&#038;Bedmar.<\/p>\n<p>La primera jornada, el viernes 18 de septiembre, estar\u00e1 dedicada a los dise\u00f1adores de alta costura. Son doce los modistos que presentan sus propuestas este a\u00f1o. Sonia Pe\u00f1a ser\u00e1 la encargada de abrir esta quinta edici\u00f3n con la modelo Elisabeth Reyes como imagen de su colecci\u00f3n. El orden de desfiles proseguir\u00e1 con las apuestas para la pr\u00f3xima temporada de <strong>Jes\u00fas Segado, Rafael Urqu\u00edzar, Gemma Mel\u00e9, Antonia Garc\u00eda Galiano, Miguel \u00c1ngel Ru\u00edz, Javier Alc\u00e1ntara, Montesco, \u00c1ngel Palazuelos, Ikram El Louah, Asunci\u00f3n Retamero y Regina de Lara.<\/strong><br \/>\nAl finalizar el desfile, Pasarela Larios M\u00e1laga Fashion Week entregar\u00e1 el prestigioso <span style=\"text-decoration: underline;\">Alfiler de Oro al dise\u00f1ador malague\u00f1o \u00c1ngel Palazuelos<\/span> en reconocimiento a su trayectoria.<\/p>\n<p>Os recuerdo que los desfiles son gratuitos y al aire libre: \u00a1a disfrutar de la moda!<\/p>\n<div id=\"attachment_3505\" style=\"width: 550px\" class=\"wp-caption aligncenter\"><a href=\"\/-que-le-compro-\/wp-content\/uploads\/sites\/19\/2015\/09\/pasarela-larios.jpg\"><img aria-describedby=\"caption-attachment-3505\" loading=\"lazy\" class=\"size-full wp-image-3505\" title=\"La Pasarela Larios congrega a miles de personas cada edici\u00f3n. :: Daniel D\u00edaz\" src=\"\/-que-le-compro-\/wp-content\/uploads\/sites\/19\/2015\/09\/pasarela-larios.jpg\" alt=\"La Pasarela Larios congrega a miles de personas cada edici\u00f3n. :: Daniel D\u00edaz\" width=\"540\" height=\"360\" srcset=\"https:\/\/static-blogs.diariosur.es\/wp-content\/uploads\/sites\/19\/2015\/09\/pasarela-larios.jpg 540w, https:\/\/static-blogs.diariosur.es\/wp-content\/uploads\/sites\/19\/2015\/09\/pasarela-larios-300x200.jpg 300w\" sizes=\"(max-width: 540px) 100vw, 540px\" \/><\/a><p id=\"caption-attachment-3505\" class=\"wp-caption-text\">La Pasarela Larios congrega a miles de personas cada edici\u00f3n. :: Daniel D\u00edaz<\/p><\/div>\n","protected":false},"excerpt":{"rendered":"<p>La calle Larios se prepara para lucir sus mejores galas, porque llega la quinta edici\u00f3n de la Pasarela Larios, el evento de moda m\u00e1s importante de la ciudad. Arrancar\u00e1 el viernes a las 20.30 horas y, como en anteriores ocasiones, varias firmas de M\u00e1laga ser\u00e1n protagonistas en la segunda y \u00faltima jornada. Este a\u00f1o el [&hellip;]<\/p>\n","protected":false},"author":24,"featured_media":0,"comment_status":"open","ping_status":"open","sticky":false,"template":"","format":"standard","meta":[],"categories":[6,7],"tags":[176,189,216,327,1240,1242,1540,1688,1696,1751,1759,1870,2121,2475,2543,2731,3048,3098,3345,3400,3757,3807,3830],"_links":{"self":[{"href":"https:\/\/blogs.diariosur.es\/-que-le-compro-\/wp-json\/wp\/v2\/posts\/3504"}],"collection":[{"href":"https:\/\/blogs.diariosur.es\/-que-le-compro-\/wp-json\/wp\/v2\/posts"}],"about":[{"href":"https:\/\/blogs.diariosur.es\/-que-le-compro-\/wp-json\/wp\/v2\/types\/post"}],"author":[{"embeddable":true,"href":"https:\/\/blogs.diariosur.es\/-que-le-compro-\/wp-json\/wp\/v2\/users\/24"}],"replies":[{"embeddable":true,"href":"https:\/\/blogs.diariosur.es\/-que-le-compro-\/wp-json\/wp\/v2\/comments?post=3504"}],"version-history":[{"count":0,"href":"https:\/\/blogs.diariosur.es\/-que-le-compro-\/wp-json\/wp\/v2\/posts\/3504\/revisions"}],"wp:attachment":[{"href":"https:\/\/blogs.diariosur.es\/-que-le-compro-\/wp-json\/wp\/v2\/media?parent=3504"}],"wp:term":[{"taxonomy":"category","embeddable":true,"href":"https:\/\/blogs.diariosur.es\/-que-le-compro-\/wp-json\/wp\/v2\/categories?post=3504"},{"taxonomy":"post_tag","embeddable":true,"href":"https:\/\/blogs.diariosur.es\/-que-le-compro-\/wp-json\/wp\/v2\/tags?post=3504"}],"curies":[{"name":"wp","href":"https:\/\/api.w.org\/{rel}","templated":true}]}}