{"id":3508,"date":"2015-09-18T21:42:50","date_gmt":"2015-09-18T19:42:50","guid":{"rendered":"http:\/\/blogs.diariosur.es\/-que-le-compro-\/?p=3508"},"modified":"2015-09-18T21:42:50","modified_gmt":"2015-09-18T19:42:50","slug":"mercadillos-malaga-septiembre-agenda","status":"publish","type":"post","link":"https:\/\/blogs.diariosur.es\/-que-le-compro-\/2015\/09\/18\/mercadillos-malaga-septiembre-agenda\/","title":{"rendered":"La agenda del &#039;finde&#039; llega con mucha artesan\u00eda repartida"},"content":{"rendered":"<p>Con permiso de la moda, el fin de semana llega a M\u00e1laga con una interesante agenda para poder disfrutar del talento local. Es cierto que no es tan amplia como en otras ocasiones, pero ya se sabe que lo bueno si breve\u2026<br \/>\nLa lista de propuestas arranca este viernes ya y en Salares, que celebra hasta el domingo su <strong>Festival \u00c1rabe-Andalus\u00ed<\/strong>. Entre las distintas actividades programadas habr\u00e1, c\u00f3mo no, un gran zoco.\u00a0Y en otro punto de la provincia, <strong>Casabermeja<\/strong>, se celebra la Feria de la Cabra Malague\u00f1a, as\u00ed que aquellos amantes del queso tienen una cita ineludible en este bello municipio. Tambi\u00e9n hasta el d\u00eda 20.<\/p>\n<p><a href=\"\/-que-le-compro-\/wp-content\/uploads\/sites\/19\/2015\/09\/agenda-invisible.jpg\"><img loading=\"lazy\" class=\"aligncenter size-full wp-image-3509\" title=\"Artesan\u00eda en La Invisible, s\u00e1bado 19 de septiembre\" src=\"\/-que-le-compro-\/wp-content\/uploads\/sites\/19\/2015\/09\/agenda-invisible.jpg\" alt=\"Artesan\u00eda en La Invisible, s\u00e1bado 19 de septiembre\" width=\"540\" height=\"356\" srcset=\"https:\/\/static-blogs.diariosur.es\/wp-content\/uploads\/sites\/19\/2015\/09\/agenda-invisible.jpg 540w, https:\/\/static-blogs.diariosur.es\/wp-content\/uploads\/sites\/19\/2015\/09\/agenda-invisible-300x198.jpg 300w\" sizes=\"(max-width: 540px) 100vw, 540px\" \/><\/a><br \/>\nEn la capital, un par de propuestas a destacar este fin de semana. Para el <span style=\"font-size: large;\">s\u00e1bado<\/span>, <strong>La Casa Invisible<\/strong> ofrece una buena muestra de creatividad en su patio de 11 a 18 horas, entrando por la calle Andr\u00e9s P\u00e9rez n\u00famero 8, ya sab\u00e9is.<\/p>\n<p>Y el <span style=\"font-size: large;\">domingo<\/span> toca mercadillo en la calle Quitapenas (El Palo), organizado por M\u00e1laga es Arte de 10 a 15 horas, tambi\u00e9n con moda, artesan\u00eda, complementos y mucho m\u00e1s, una oferta similar a la que podr\u00e9is encontrar en el <strong>Zoco de Muelle Uno<\/strong>, de 11 a 18 horas.<br \/>\n\u00a1Buen fin de semana!<\/p>\n","protected":false},"excerpt":{"rendered":"<p>Con permiso de la moda, el fin de semana llega a M\u00e1laga con una interesante agenda para poder disfrutar del talento local. Es cierto que no es tan amplia como en otras ocasiones, pero ya se sabe que lo bueno si breve\u2026 La lista de propuestas arranca este viernes ya y en Salares, que celebra [&hellip;]<\/p>\n","protected":false},"author":24,"featured_media":0,"comment_status":"open","ping_status":"open","sticky":false,"template":"","format":"standard","meta":[],"categories":[4,6],"tags":[264,1389,2243,2407,3968],"_links":{"self":[{"href":"https:\/\/blogs.diariosur.es\/-que-le-compro-\/wp-json\/wp\/v2\/posts\/3508"}],"collection":[{"href":"https:\/\/blogs.diariosur.es\/-que-le-compro-\/wp-json\/wp\/v2\/posts"}],"about":[{"href":"https:\/\/blogs.diariosur.es\/-que-le-compro-\/wp-json\/wp\/v2\/types\/post"}],"author":[{"embeddable":true,"href":"https:\/\/blogs.diariosur.es\/-que-le-compro-\/wp-json\/wp\/v2\/users\/24"}],"replies":[{"embeddable":true,"href":"https:\/\/blogs.diariosur.es\/-que-le-compro-\/wp-json\/wp\/v2\/comments?post=3508"}],"version-history":[{"count":0,"href":"https:\/\/blogs.diariosur.es\/-que-le-compro-\/wp-json\/wp\/v2\/posts\/3508\/revisions"}],"wp:attachment":[{"href":"https:\/\/blogs.diariosur.es\/-que-le-compro-\/wp-json\/wp\/v2\/media?parent=3508"}],"wp:term":[{"taxonomy":"category","embeddable":true,"href":"https:\/\/blogs.diariosur.es\/-que-le-compro-\/wp-json\/wp\/v2\/categories?post=3508"},{"taxonomy":"post_tag","embeddable":true,"href":"https:\/\/blogs.diariosur.es\/-que-le-compro-\/wp-json\/wp\/v2\/tags?post=3508"}],"curies":[{"name":"wp","href":"https:\/\/api.w.org\/{rel}","templated":true}]}}