{"id":3511,"date":"2015-09-22T19:34:57","date_gmt":"2015-09-22T17:34:57","guid":{"rendered":"http:\/\/blogs.diariosur.es\/-que-le-compro-\/?p=3511"},"modified":"2015-09-22T19:34:57","modified_gmt":"2015-09-22T17:34:57","slug":"rebajas-en-dos-tiendas-cudeca-hast-el-sabado","status":"publish","type":"post","link":"https:\/\/blogs.diariosur.es\/-que-le-compro-\/2015\/09\/22\/rebajas-en-dos-tiendas-cudeca-hast-el-sabado\/","title":{"rendered":"Rebajas en dos tiendas Cudeca por cambio de temporada"},"content":{"rendered":"<p>No es \u00e9poca habitual de rebajas, pero tampoco se trata de un comercio al uso, sino que nace y se nutre de la solidaridad de M\u00e1laga. La Fundaci\u00f3n <strong>Cudeca<\/strong> \u2013 Cuidados del C\u00e1ncer ofrece rebajas en sus tiendas ubicadas en Arroyo de la Miel (Benalm\u00e1dena) y El Palo. Concretamente, hasta el pr\u00f3ximo s\u00e1bado 26, ya que cambian de temporada. As\u00ed que ya no hay excusa para no pasar por all\u00ed y &#8216;picar&#8217;, porque la ropa de hombre y caballero, as\u00ed como los zapatos \u00a1solo cuestan estos d\u00edas un euro! Tambi\u00e9n ofrecen precios rebajados en sus art\u00edculos de moda infantil, menaje de hogar, libros\u2026<\/p>\n<p>Las tiendas en rebajas, que abren en horario de ma\u00f1ana y tarde, son:<br \/>\nBenalm\u00e1dena \u2013 Arroyo de la Miel: Avenida Garc\u00eda Lorca y Calle Sierramar.<br \/>\nM\u00e1laga &#8211; El Palo: \u00a0Calle Escultor Paco Palma, 1.<\/p>\n<p>Despu\u00e9s de las rebajas, las tiendas permanecer\u00e1n cerradas el lunes 28 para realizar el cambio de temporada y abrir\u00e1n sus puertas con art\u00edculos de la nueva temporada a partir del martes 29.<\/p>\n<p>Actualmente Cudeca cuenta con 14 tiendas ben\u00e9ficas, lo que supone la fuente de financiaci\u00f3n m\u00e1s destacada para esta fundaci\u00f3n, y que reciben donaciones de ropa, complementos, libros&#8230; Para saber c\u00f3mo colaborar solo hay que visitar la <a href=\"http:\/\/www.cudeca.org\/es\" rel=\"external nofollow\">p\u00e1gina web de la entidad<\/a>.<\/p>\n","protected":false},"excerpt":{"rendered":"<p>No es \u00e9poca habitual de rebajas, pero tampoco se trata de un comercio al uso, sino que nace y se nutre de la solidaridad de M\u00e1laga. La Fundaci\u00f3n Cudeca \u2013 Cuidados del C\u00e1ncer ofrece rebajas en sus tiendas ubicadas en Arroyo de la Miel (Benalm\u00e1dena) y El Palo. Concretamente, hasta el pr\u00f3ximo s\u00e1bado 26, ya [&hellip;]<\/p>\n","protected":false},"author":24,"featured_media":0,"comment_status":"open","ping_status":"open","sticky":false,"template":"","format":"standard","meta":[],"categories":[7],"tags":[3146,3626],"_links":{"self":[{"href":"https:\/\/blogs.diariosur.es\/-que-le-compro-\/wp-json\/wp\/v2\/posts\/3511"}],"collection":[{"href":"https:\/\/blogs.diariosur.es\/-que-le-compro-\/wp-json\/wp\/v2\/posts"}],"about":[{"href":"https:\/\/blogs.diariosur.es\/-que-le-compro-\/wp-json\/wp\/v2\/types\/post"}],"author":[{"embeddable":true,"href":"https:\/\/blogs.diariosur.es\/-que-le-compro-\/wp-json\/wp\/v2\/users\/24"}],"replies":[{"embeddable":true,"href":"https:\/\/blogs.diariosur.es\/-que-le-compro-\/wp-json\/wp\/v2\/comments?post=3511"}],"version-history":[{"count":0,"href":"https:\/\/blogs.diariosur.es\/-que-le-compro-\/wp-json\/wp\/v2\/posts\/3511\/revisions"}],"wp:attachment":[{"href":"https:\/\/blogs.diariosur.es\/-que-le-compro-\/wp-json\/wp\/v2\/media?parent=3511"}],"wp:term":[{"taxonomy":"category","embeddable":true,"href":"https:\/\/blogs.diariosur.es\/-que-le-compro-\/wp-json\/wp\/v2\/categories?post=3511"},{"taxonomy":"post_tag","embeddable":true,"href":"https:\/\/blogs.diariosur.es\/-que-le-compro-\/wp-json\/wp\/v2\/tags?post=3511"}],"curies":[{"name":"wp","href":"https:\/\/api.w.org\/{rel}","templated":true}]}}