{"id":3512,"date":"2015-09-24T18:05:51","date_gmt":"2015-09-24T16:05:51","guid":{"rendered":"http:\/\/blogs.diariosur.es\/-que-le-compro-\/?p=3512"},"modified":"2015-09-24T18:05:51","modified_gmt":"2015-09-24T16:05:51","slug":"fernandez-baca1913-desfile-malaga","status":"publish","type":"post","link":"https:\/\/blogs.diariosur.es\/-que-le-compro-\/2015\/09\/24\/fernandez-baca1913-desfile-malaga\/","title":{"rendered":"\u00d3ptica Fern\u00e1ndez-Baca 1913 celebra su puesta de largo"},"content":{"rendered":"<p>Ya dice el refr\u00e1n que renovarse o morir. Y eso es lo que va a hacer la \u00f3ptica Fern\u00e1ndez-Baca, que con m\u00e1s de cien a\u00f1os de historia a sus espaldas (concretamente, 102) da un nuevo giro a su comercio. De la mano de Rafael Prado Fern\u00e1ndez Baca, que\u00a0 es la cuarta generaci\u00f3n de la familia, este emblem\u00e1tico negocio malague\u00f1o apuesta por una colecci\u00f3n y una imagen propia (tras desvincularse de Feder\u00f3pticos), lo que ha dado lugar a <strong>\u00d3ptica Fern\u00e1ndez-Baca 1913<\/strong>.<\/p>\n<p>Y celebrar\u00e1n esta reinauguraci\u00f3n por todo lo alto este<span style=\"text-decoration: underline;\"> jueves, 24 de septiembre<\/span>, con una puesta de largo abierta al p\u00fablico en la c\u00e9ntrica plaza de la Constituci\u00f3n, donde est\u00e1 la tienda. All\u00ed, a partir de las 20.30 horas, se podr\u00e1 disfrutar del <strong>I Glassy Show<\/strong>, pasarela de (gafas de) Sol y Graduado. En esta primera edici\u00f3n, los asistentes podr\u00e1n disfrutar de marcas exclusivas como Laveta Eyewear, Activist Eyewear, Saint Laurent, Etnia Barcelona, Dolce &#038; Gabanna, Fendi, Giorgio Armani o Dior, entre otras.<\/p>\n<p><a href=\"\/-que-le-compro-\/wp-content\/uploads\/sites\/19\/2015\/09\/desfile-cartel.jpg\"><img loading=\"lazy\" class=\"aligncenter size-full wp-image-3513\" title=\"I Glassy Show, jueves 24 de septiembre\" src=\"\/-que-le-compro-\/wp-content\/uploads\/sites\/19\/2015\/09\/desfile-cartel.jpg\" alt=\"I Glassy Show, jueves 24 de septiembre\" width=\"540\" height=\"747\" srcset=\"https:\/\/static-blogs.diariosur.es\/wp-content\/uploads\/sites\/19\/2015\/09\/desfile-cartel.jpg 540w, https:\/\/static-blogs.diariosur.es\/wp-content\/uploads\/sites\/19\/2015\/09\/desfile-cartel-217x300.jpg 217w\" sizes=\"(max-width: 540px) 100vw, 540px\" \/><\/a><\/p>\n<p>El evento cuenta con la colaboraci\u00f3n de Caf\u00e9 Central M\u00e1laga, Grupo Jorge Ordo\u00f1ez, Nueva Moda Producciones, Makarthy, Opalo, Coco Wilson, Mis Geranios Bailan, Lefoto, Pajarete y Grupo Almagro<\/p>\n","protected":false},"excerpt":{"rendered":"<p>Ya dice el refr\u00e1n que renovarse o morir. Y eso es lo que va a hacer la \u00f3ptica Fern\u00e1ndez-Baca, que con m\u00e1s de cien a\u00f1os de historia a sus espaldas (concretamente, 102) da un nuevo giro a su comercio. De la mano de Rafael Prado Fern\u00e1ndez Baca, que\u00a0 es la cuarta generaci\u00f3n de la familia, [&hellip;]<\/p>\n","protected":false},"author":24,"featured_media":0,"comment_status":"open","ping_status":"open","sticky":false,"template":"","format":"standard","meta":[],"categories":[7],"tags":[514,775,1551,1583,1946,1950,2048,2491,2667,2741,2745,2747,2790],"_links":{"self":[{"href":"https:\/\/blogs.diariosur.es\/-que-le-compro-\/wp-json\/wp\/v2\/posts\/3512"}],"collection":[{"href":"https:\/\/blogs.diariosur.es\/-que-le-compro-\/wp-json\/wp\/v2\/posts"}],"about":[{"href":"https:\/\/blogs.diariosur.es\/-que-le-compro-\/wp-json\/wp\/v2\/types\/post"}],"author":[{"embeddable":true,"href":"https:\/\/blogs.diariosur.es\/-que-le-compro-\/wp-json\/wp\/v2\/users\/24"}],"replies":[{"embeddable":true,"href":"https:\/\/blogs.diariosur.es\/-que-le-compro-\/wp-json\/wp\/v2\/comments?post=3512"}],"version-history":[{"count":0,"href":"https:\/\/blogs.diariosur.es\/-que-le-compro-\/wp-json\/wp\/v2\/posts\/3512\/revisions"}],"wp:attachment":[{"href":"https:\/\/blogs.diariosur.es\/-que-le-compro-\/wp-json\/wp\/v2\/media?parent=3512"}],"wp:term":[{"taxonomy":"category","embeddable":true,"href":"https:\/\/blogs.diariosur.es\/-que-le-compro-\/wp-json\/wp\/v2\/categories?post=3512"},{"taxonomy":"post_tag","embeddable":true,"href":"https:\/\/blogs.diariosur.es\/-que-le-compro-\/wp-json\/wp\/v2\/tags?post=3512"}],"curies":[{"name":"wp","href":"https:\/\/api.w.org\/{rel}","templated":true}]}}