{"id":3519,"date":"2015-09-25T17:40:22","date_gmt":"2015-09-25T15:40:22","guid":{"rendered":"http:\/\/blogs.diariosur.es\/-que-le-compro-\/?p=3519"},"modified":"2015-09-25T17:40:22","modified_gmt":"2015-09-25T15:40:22","slug":"agenda-mercadillos-malaga-septiembre-2","status":"publish","type":"post","link":"https:\/\/blogs.diariosur.es\/-que-le-compro-\/2015\/09\/25\/agenda-mercadillos-malaga-septiembre-2\/","title":{"rendered":"\u00daltima agenda de mercadillos de septiembre"},"content":{"rendered":"<p>Septiembre se despide con una agenda de mercadillos breve, pero intensa, y muy repartida. Tanto que arranca ya este viernes en Archidona, que celebra su <strong>Zambra Morisca<\/strong>, que, tendr\u00e1 entre sus actividades, adem\u00e1s de un mercadillo, pasacalles, exhibici\u00f3n de cetrer\u00eda, m\u00fasica paseante, cuentacuentos, talleres infantiles y degustaciones.<\/p>\n<p>El s\u00e1bado, al ser el \u00faltimo del mes, toca poder adquirir los productos locales m\u00e1s saludables en el <strong>Parque Huelin<\/strong>, donde la asociaci\u00f3n Guadalhorce Ecol\u00f3gico acudir\u00e1 puntual a su cita, si nada lo impide, de 10 a 14 horas.<\/p>\n<p>Y el domingo, dos propuestas en la capital fijas en el \u00faltimo fin de semana de cada mes. Una es el <strong>Malagueta 4 Market<\/strong>, en el paseo mar\u00edtimo Ciudad de Melilla, que adem\u00e1s de moda, complementos y alimentaci\u00f3n, entre otras sorpresas, contar\u00e1 con un stand del refugio Galgos en Familia, para conocer un poco m\u00e1s la labor de esta asociaci\u00f3n. De 10 a 19 horas.<\/p>\n<div id=\"attachment_3520\" style=\"width: 550px\" class=\"wp-caption aligncenter\"><a href=\"\/-que-le-compro-\/wp-content\/uploads\/sites\/19\/2015\/09\/agenda.pulseras.jpg\"><img aria-describedby=\"caption-attachment-3520\" loading=\"lazy\" class=\"size-full wp-image-3520\" title=\"Creaciones de Bitxiak, en el Malagueta 4 market\" src=\"\/-que-le-compro-\/wp-content\/uploads\/sites\/19\/2015\/09\/agenda.pulseras.jpg\" alt=\"Creaciones de Bitxiak, en el Malagueta 4 market\" width=\"540\" height=\"340\" srcset=\"https:\/\/static-blogs.diariosur.es\/wp-content\/uploads\/sites\/19\/2015\/09\/agenda.pulseras.jpg 540w, https:\/\/static-blogs.diariosur.es\/wp-content\/uploads\/sites\/19\/2015\/09\/agenda.pulseras-300x189.jpg 300w\" sizes=\"(max-width: 540px) 100vw, 540px\" \/><\/a><p id=\"caption-attachment-3520\" class=\"wp-caption-text\">Creaciones de Bitxiak, en el Malagueta 4 market<\/p><\/div>\n<p>Paralelamente, \u00a0de 11 a 19 horas se podr\u00e1 visitar <strong>La Plaza Merced Market<\/strong>, en la c\u00e9ntrica plaza del mismo nombre que contar\u00e1 con alimentaci\u00f3n, decoraci\u00f3n, vintage y mucho m\u00e1s<\/p>\n","protected":false},"excerpt":{"rendered":"<p>Septiembre se despide con una agenda de mercadillos breve, pero intensa, y muy repartida. Tanto que arranca ya este viernes en Archidona, que celebra su Zambra Morisca, que, tendr\u00e1 entre sus actividades, adem\u00e1s de un mercadillo, pasacalles, exhibici\u00f3n de cetrer\u00eda, m\u00fasica paseante, cuentacuentos, talleres infantiles y degustaciones. El s\u00e1bado, al ser el \u00faltimo del mes, [&hellip;]<\/p>\n","protected":false},"author":24,"featured_media":0,"comment_status":"open","ping_status":"open","sticky":false,"template":"","format":"standard","meta":[],"categories":[4,6],"tags":[125,1584,1902,2064,2832],"_links":{"self":[{"href":"https:\/\/blogs.diariosur.es\/-que-le-compro-\/wp-json\/wp\/v2\/posts\/3519"}],"collection":[{"href":"https:\/\/blogs.diariosur.es\/-que-le-compro-\/wp-json\/wp\/v2\/posts"}],"about":[{"href":"https:\/\/blogs.diariosur.es\/-que-le-compro-\/wp-json\/wp\/v2\/types\/post"}],"author":[{"embeddable":true,"href":"https:\/\/blogs.diariosur.es\/-que-le-compro-\/wp-json\/wp\/v2\/users\/24"}],"replies":[{"embeddable":true,"href":"https:\/\/blogs.diariosur.es\/-que-le-compro-\/wp-json\/wp\/v2\/comments?post=3519"}],"version-history":[{"count":0,"href":"https:\/\/blogs.diariosur.es\/-que-le-compro-\/wp-json\/wp\/v2\/posts\/3519\/revisions"}],"wp:attachment":[{"href":"https:\/\/blogs.diariosur.es\/-que-le-compro-\/wp-json\/wp\/v2\/media?parent=3519"}],"wp:term":[{"taxonomy":"category","embeddable":true,"href":"https:\/\/blogs.diariosur.es\/-que-le-compro-\/wp-json\/wp\/v2\/categories?post=3519"},{"taxonomy":"post_tag","embeddable":true,"href":"https:\/\/blogs.diariosur.es\/-que-le-compro-\/wp-json\/wp\/v2\/tags?post=3519"}],"curies":[{"name":"wp","href":"https:\/\/api.w.org\/{rel}","templated":true}]}}