{"id":3521,"date":"2015-09-28T19:30:16","date_gmt":"2015-09-28T17:30:16","guid":{"rendered":"http:\/\/blogs.diariosur.es\/-que-le-compro-\/?p=3521"},"modified":"2015-09-28T19:30:16","modified_gmt":"2015-09-28T17:30:16","slug":"tiendas-malaga-mediamarkt-topdigital","status":"publish","type":"post","link":"https:\/\/blogs.diariosur.es\/-que-le-compro-\/2015\/09\/28\/tiendas-malaga-mediamarkt-topdigital\/","title":{"rendered":"Media Markt y Top Digital abren tiendas en M\u00e1laga"},"content":{"rendered":"<p>El sector del comercio en M\u00e1laga arranca una semana con novedades. Por un lado, este mi\u00e9rcoles, d\u00eda 30,<a href=\"http:\/\/www.diariosur.es\/malaga-capital\/201509\/28\/mediamarkt-abre-nueva-tienda-20150928154712.html\" rel=\"external nofollow\"><strong> Media Markt<\/strong> abrir\u00e1 en Plaza Mayor<\/a> un local, que ser\u00e1 el segundo de la cadena en la capital. Y adem\u00e1s, <strong>Top Digital<\/strong> tambi\u00e9n est\u00e1 de enhorabuena, porque celebra la apertura de tres locales: en el centro comercial Larios, en la calle Ayala, 84 (sector de Huelin) y \u00a0tambi\u00e9n en V\u00e9lez-M\u00e1laga, en la avenida Juan Carlos I.<\/p>\n<p>Estos nuevos puntos de venta, de alrededor de 100 metros cuadrados cada uno, estrenan la nueva imagen 2.0 de Vodafone: con terminales en demostraci\u00f3n, espacios m\u00e1s abiertos, disposici\u00f3n de los elementos pensada en la experiencia del cliente y un profesional data expert dedicado en exclusiva a la configuraci\u00f3n de dispositivos y a la soluci\u00f3n de problemas t\u00e9cnicos, seg\u00fan destacan desde la empresa.<\/p>\n<p>A lo largo de toda la semana tendr\u00e1n lugar en las tiendas varias actividades para celebrar la inauguraci\u00f3n, y destaca el<span style=\"text-decoration: underline;\"> sorteo que habr\u00e1 el mi\u00e9rcoles, 30 septiembre<\/span>, a las siete de la tarde: una televisi\u00f3n LG de 22&#8242; \u00a0entre todos los visitantes de las tiendas que hayan depositado una postal en el buz\u00f3n colocado al uso.<\/p>\n<p>Tambi\u00e9n se entregar\u00e1 un obsequio a cada uno de los visitantes que acudan a las tiendas con una factura de alg\u00fan operador de la competencia solo por recibir una contraoferta.<\/p>\n<p>\u00a1Bienvenidos!<\/p>\n","protected":false},"excerpt":{"rendered":"<p>El sector del comercio en M\u00e1laga arranca una semana con novedades. Por un lado, este mi\u00e9rcoles, d\u00eda 30, Media Markt abrir\u00e1 en Plaza Mayor un local, que ser\u00e1 el segundo de la cadena en la capital. Y adem\u00e1s, Top Digital tambi\u00e9n est\u00e1 de enhorabuena, porque celebra la apertura de tres locales: en el centro comercial [&hellip;]<\/p>\n","protected":false},"author":24,"featured_media":0,"comment_status":"open","ping_status":"open","sticky":false,"template":"","format":"standard","meta":[],"categories":[2,7],"tags":[696,2154,3667,3744],"_links":{"self":[{"href":"https:\/\/blogs.diariosur.es\/-que-le-compro-\/wp-json\/wp\/v2\/posts\/3521"}],"collection":[{"href":"https:\/\/blogs.diariosur.es\/-que-le-compro-\/wp-json\/wp\/v2\/posts"}],"about":[{"href":"https:\/\/blogs.diariosur.es\/-que-le-compro-\/wp-json\/wp\/v2\/types\/post"}],"author":[{"embeddable":true,"href":"https:\/\/blogs.diariosur.es\/-que-le-compro-\/wp-json\/wp\/v2\/users\/24"}],"replies":[{"embeddable":true,"href":"https:\/\/blogs.diariosur.es\/-que-le-compro-\/wp-json\/wp\/v2\/comments?post=3521"}],"version-history":[{"count":0,"href":"https:\/\/blogs.diariosur.es\/-que-le-compro-\/wp-json\/wp\/v2\/posts\/3521\/revisions"}],"wp:attachment":[{"href":"https:\/\/blogs.diariosur.es\/-que-le-compro-\/wp-json\/wp\/v2\/media?parent=3521"}],"wp:term":[{"taxonomy":"category","embeddable":true,"href":"https:\/\/blogs.diariosur.es\/-que-le-compro-\/wp-json\/wp\/v2\/categories?post=3521"},{"taxonomy":"post_tag","embeddable":true,"href":"https:\/\/blogs.diariosur.es\/-que-le-compro-\/wp-json\/wp\/v2\/tags?post=3521"}],"curies":[{"name":"wp","href":"https:\/\/api.w.org\/{rel}","templated":true}]}}