{"id":3523,"date":"2015-10-01T20:11:32","date_gmt":"2015-10-01T18:11:32","guid":{"rendered":"http:\/\/blogs.diariosur.es\/-que-le-compro-\/?p=3523"},"modified":"2015-10-01T20:11:32","modified_gmt":"2015-10-01T18:11:32","slug":"mercadillos-malaga-octubre-novedades","status":"publish","type":"post","link":"https:\/\/blogs.diariosur.es\/-que-le-compro-\/2015\/10\/01\/mercadillos-malaga-octubre-novedades\/","title":{"rendered":"Made in Soho se estrena en la primera agenda de mercadillos de octubre"},"content":{"rendered":"<p>Octubre comienza dejando el pabell\u00f3n por todo lo alto, porque la agenda de este fin de semana es de las que hay que apuntar para perderse lo menos posible. Variada, repartida, y con muchas muchas opciones, entre ellas algunas novedades.<br \/>\n\u00bfQuer\u00e9is saber cu\u00e1les son? Aqu\u00ed van:<br \/>\nUno de los estrenos tendr\u00e1 lugar este viernes, en Antequera. All\u00ed arrancar\u00e1 el <strong>I Mercado de la Prehistoria<\/strong>, que contar\u00e1 con un gran programa de actividades, comprobadlo por vosotros mismos:<\/p>\n<p><a href=\"\/-que-le-compro-\/wp-content\/uploads\/sites\/19\/2015\/10\/agenda-antequera-actividades.jpg\"><img loading=\"lazy\" class=\"aligncenter size-full wp-image-3524\" title=\"Actividades del I Mercado de la Prehistoria, en Antequera\" src=\"\/-que-le-compro-\/wp-content\/uploads\/sites\/19\/2015\/10\/agenda-antequera-actividades.jpg\" alt=\"Actividades del I Mercado de la Prehistoria, en Antequera\" width=\"540\" height=\"471\" srcset=\"https:\/\/static-blogs.diariosur.es\/wp-content\/uploads\/sites\/19\/2015\/10\/agenda-antequera-actividades.jpg 540w, https:\/\/static-blogs.diariosur.es\/wp-content\/uploads\/sites\/19\/2015\/10\/agenda-antequera-actividades-300x262.jpg 300w\" sizes=\"(max-width: 540px) 100vw, 540px\" \/><\/a><\/p>\n<p>Tambi\u00e9n este viernes comienza la <strong>Feria del Libro Antiguo y de Ocasi\u00f3n<\/strong>, que este a\u00f1o estrena escenario y pasa a celebrarse en la plaza de la Merced, en M\u00e1laga capital. Hasta el 18 de octubre, podr\u00e1 visitarse de 10 a 14 horas y de 17 a 21 de lunes a viernes. Los s\u00e1bados, de 10.30 a 14.30. Y para los que les guste el queso, <strong>Teba<\/strong> celebra su mercado y feria del viernes hasta el domingo.<\/p>\n<p>El s\u00e1bado, siguiendo en la capital, al ser el primero del mes toca reuni\u00f3n en <strong>La Casa Invisible<\/strong>. Ya sab\u00e9is, entrando por la calle Andr\u00e9s P\u00e9rez n\u00famero 8, podr\u00e9is ver los trabajos en moda, complementos y decoraci\u00f3n de diversos creadores. En esta ocasi\u00f3n adem\u00e1s habr\u00e1 una <span style=\"text-decoration: underline;\">mesa solidaria en Apoyo al Pueblo Sirio en M\u00e1laga<\/span> en la que se recoger\u00e1n alimentos, realizar\u00e1n tatuajes de Henna y vender\u00e1n velas para recoger fondos. Adem\u00e1s, quien lo desee, podr\u00e1 llevar tapones de pl\u00e1stico para Adriana, una ni\u00f1a con s\u00edndrome de Angelman que puedes conocer en Apadrina Un Angel. De 11 a 18 horas.<\/p>\n<p><a href=\"\/-que-le-compro-\/wp-content\/uploads\/sites\/19\/2015\/10\/agenda-cacharrete.jpg\"><img loading=\"lazy\" class=\"aligncenter size-full wp-image-3525\" title=\"Cacharrete Market en Galer\u00edas Goya, s\u00e1bado 3 de octubre\" src=\"\/-que-le-compro-\/wp-content\/uploads\/sites\/19\/2015\/10\/agenda-cacharrete.jpg\" alt=\"Cacharrete Market en Galer\u00edas Goya, s\u00e1bado 3 de octubre\" width=\"540\" height=\"644\" srcset=\"https:\/\/static-blogs.diariosur.es\/wp-content\/uploads\/sites\/19\/2015\/10\/agenda-cacharrete.jpg 540w, https:\/\/static-blogs.diariosur.es\/wp-content\/uploads\/sites\/19\/2015\/10\/agenda-cacharrete-252x300.jpg 252w\" sizes=\"(max-width: 540px) 100vw, 540px\" \/><\/a><br \/>\nCerca de all\u00ed, y de 10.30 a 16 horas, llega el <strong>Cacharrete Market a Galer\u00edas Goya<\/strong> (calle Calderer\u00eda) donde la segunda mano es la protagonista, y que contar\u00e1 con moda, accesorios de todo tipo, vinilos\u2026<\/p>\n<p>Para el domingo, d\u00eda 3, mucho m\u00e1s donde elegir. Adem\u00e1s del Mercado de Antequera, en Marbella la Asociaci\u00f3n Horizonte montar\u00e1 su <strong>Rastrillo de Oto\u00f1o<\/strong> en el Parque de la Alameda desde las 10 de la ma\u00f1ana. \u00bfQu\u00e9 podr\u00e1 encontrarse all\u00ed? Ropa y complementos, art\u00edculos para el hogar, electr\u00f3nica, cultura y entretenimiento, artesan\u00eda y reposter\u00eda.<br \/>\nAdem\u00e1s, en Huelin, concretamente en el <strong>paseo mar\u00edtimo Antonio Banderas<\/strong>, otro de los \u2018fijos\u2019 de principios de mes con los creadores reunidos por M\u00e1laga es Arte una vez m\u00e1s a pie de playa de 11 a 19 horas. Tambi\u00e9n muy cerca del mar es el <strong>Zoco de Muelle Uno<\/strong>, que podr\u00e1 disfrutarse de 10 a 18 horas.<\/p>\n<p>&nbsp;<\/p>\n<p><a href=\"\/-que-le-compro-\/wp-content\/uploads\/sites\/19\/2015\/10\/agenda-soho.jpg\"><img loading=\"lazy\" class=\"aligncenter size-full wp-image-3526\" title=\"Made in Soho se estrena el domingo 4 de octubre en M\u00e1laga\" src=\"\/-que-le-compro-\/wp-content\/uploads\/sites\/19\/2015\/10\/agenda-soho.jpg\" alt=\"Made in Soho se estrena el domingo 4 de octubre en M\u00e1laga\" width=\"540\" height=\"200\" srcset=\"https:\/\/static-blogs.diariosur.es\/wp-content\/uploads\/sites\/19\/2015\/10\/agenda-soho.jpg 540w, https:\/\/static-blogs.diariosur.es\/wp-content\/uploads\/sites\/19\/2015\/10\/agenda-soho-300x111.jpg 300w\" sizes=\"(max-width: 540px) 100vw, 540px\" \/><\/a><br \/>\nY para rematar, otra de las novedades de este \u2018finde\u2019. Ser\u00e1 en la capital, concretamente en la calle Tom\u00e1s Heredia. Su nombre es <strong>Made in Soho<\/strong> y, al celebrarse en el barrio de las artes, la artesan\u00eda y el \u2018handmade\u2019 son los protagonistas, as\u00ed que preparaos para ver interesantes trabajos en cuero, lat\u00f3n, pintura, reposter\u00eda\u2026 Tambi\u00e9n habr\u00e1 moda sostenible y un pintacaras gratuito para los m\u00e1s peque\u00f1os. De 10 a 15 horas. Los interesados en formar parte de esta nueva cita de la agenda de mercadillos pueden solicitar m\u00e1s informaci\u00f3n <a href=\"mailto:mercadostrimarket@gmail.com\">mercadostrimarket@gmail.com<\/a><\/p>\n<p>&nbsp;<\/p>\n<p>\u00a1A disfrutar del fin de semana!<\/p>\n","protected":false},"excerpt":{"rendered":"<p>Octubre comienza dejando el pabell\u00f3n por todo lo alto, porque la agenda de este fin de semana es de las que hay que apuntar para perderse lo menos posible. Variada, repartida, y con muchas muchas opciones, entre ellas algunas novedades. \u00bfQuer\u00e9is saber cu\u00e1les son? Aqu\u00ed van: Uno de los estrenos tendr\u00e1 lugar este viernes, en [&hellip;]<\/p>\n","protected":false},"author":24,"featured_media":0,"comment_status":"open","ping_status":"open","sticky":false,"template":"","format":"standard","meta":[],"categories":[4,6],"tags":[264,510,1517,1858,2034,2253,2372,2408,3115,3968],"_links":{"self":[{"href":"https:\/\/blogs.diariosur.es\/-que-le-compro-\/wp-json\/wp\/v2\/posts\/3523"}],"collection":[{"href":"https:\/\/blogs.diariosur.es\/-que-le-compro-\/wp-json\/wp\/v2\/posts"}],"about":[{"href":"https:\/\/blogs.diariosur.es\/-que-le-compro-\/wp-json\/wp\/v2\/types\/post"}],"author":[{"embeddable":true,"href":"https:\/\/blogs.diariosur.es\/-que-le-compro-\/wp-json\/wp\/v2\/users\/24"}],"replies":[{"embeddable":true,"href":"https:\/\/blogs.diariosur.es\/-que-le-compro-\/wp-json\/wp\/v2\/comments?post=3523"}],"version-history":[{"count":0,"href":"https:\/\/blogs.diariosur.es\/-que-le-compro-\/wp-json\/wp\/v2\/posts\/3523\/revisions"}],"wp:attachment":[{"href":"https:\/\/blogs.diariosur.es\/-que-le-compro-\/wp-json\/wp\/v2\/media?parent=3523"}],"wp:term":[{"taxonomy":"category","embeddable":true,"href":"https:\/\/blogs.diariosur.es\/-que-le-compro-\/wp-json\/wp\/v2\/categories?post=3523"},{"taxonomy":"post_tag","embeddable":true,"href":"https:\/\/blogs.diariosur.es\/-que-le-compro-\/wp-json\/wp\/v2\/tags?post=3523"}],"curies":[{"name":"wp","href":"https:\/\/api.w.org\/{rel}","templated":true}]}}