{"id":3527,"date":"2015-10-05T21:40:36","date_gmt":"2015-10-05T19:40:36","guid":{"rendered":"http:\/\/blogs.diariosur.es\/-que-le-compro-\/?p=3527"},"modified":"2015-10-05T21:40:36","modified_gmt":"2015-10-05T19:40:36","slug":"didiand-servicio-imagen-malaga","status":"publish","type":"post","link":"https:\/\/blogs.diariosur.es\/-que-le-compro-\/2015\/10\/05\/didiand-servicio-imagen-malaga\/","title":{"rendered":"Nueva asesor\u00eda de imagen integral en Cerrado de Calder\u00f3n"},"content":{"rendered":"<p>Si est\u00e1s pensando hacerte un cambio de imagen o te gustar\u00eda saber c\u00f3mo es ir de compras con una &#8216;personal shopper&#8217;, que sepas que en M\u00e1laga puedes contar con esto y m\u00e1s en <strong>Didiand<\/strong>, que acaba de abrir sus puertas. Ubicado en la urbanizaci\u00f3n Cerrado de Calder\u00f3n, en M\u00e1laga capital, ofrece adem\u00e1s \u00a0servicios de estilismo, cosm\u00e9tica y bienestar personal, ya que cuenta con estilistas y nutricionistas.<\/p>\n<p>Este nuevo espacio (en calle Rodeo 2, en el edificio Multicentro) se define como una &#8216;concept store&#8217;, una tienda que pretende marcar la diferencia cautivando a sus clientes a trav\u00e9s de emociones con una experiencia \u00fanica y diferente. Para ello, se ha realizado una cuidada selecci\u00f3n de marcas internacionales de gran calidad que los clientes podr\u00e1n adquirir y probar como GHD, Redken, \u00a0Senev o Gisele Delorme.<\/p>\n<p>Adem\u00e1s, se celebrar\u00e1n pop-up mensuales para \u00a0que, tanto el p\u00fablico como las distintas empresas de moda y complementos que participen, tengan un espacio donde confluir y darse a conocer.<\/p>\n<p>\u00a1Bienvenidos!<\/p>\n<p><a href=\"\/-que-le-compro-\/wp-content\/uploads\/sites\/19\/2015\/10\/cerrado-tienda.jpg\"><img loading=\"lazy\" class=\"aligncenter size-full wp-image-3528\" title=\"La asesor\u00eda de imagen integral Didiand est\u00e1 en Cerrado de Calder\u00f3n\" src=\"\/-que-le-compro-\/wp-content\/uploads\/sites\/19\/2015\/10\/cerrado-tienda.jpg\" alt=\"La asesor\u00eda de imagen integral Didiand est\u00e1 en Cerrado de Calder\u00f3n\" width=\"540\" height=\"384\" srcset=\"https:\/\/static-blogs.diariosur.es\/wp-content\/uploads\/sites\/19\/2015\/10\/cerrado-tienda.jpg 540w, https:\/\/static-blogs.diariosur.es\/wp-content\/uploads\/sites\/19\/2015\/10\/cerrado-tienda-300x213.jpg 300w\" sizes=\"(max-width: 540px) 100vw, 540px\" \/><\/a><\/p>\n","protected":false},"excerpt":{"rendered":"<p>Si est\u00e1s pensando hacerte un cambio de imagen o te gustar\u00eda saber c\u00f3mo es ir de compras con una &#8216;personal shopper&#8217;, que sepas que en M\u00e1laga puedes contar con esto y m\u00e1s en Didiand, que acaba de abrir sus puertas. Ubicado en la urbanizaci\u00f3n Cerrado de Calder\u00f3n, en M\u00e1laga capital, ofrece adem\u00e1s \u00a0servicios de estilismo, [&hellip;]<\/p>\n","protected":false},"author":24,"featured_media":0,"comment_status":"open","ping_status":"open","sticky":false,"template":"","format":"standard","meta":[],"categories":[7],"tags":[279,565,857,1122,2917,3693],"_links":{"self":[{"href":"https:\/\/blogs.diariosur.es\/-que-le-compro-\/wp-json\/wp\/v2\/posts\/3527"}],"collection":[{"href":"https:\/\/blogs.diariosur.es\/-que-le-compro-\/wp-json\/wp\/v2\/posts"}],"about":[{"href":"https:\/\/blogs.diariosur.es\/-que-le-compro-\/wp-json\/wp\/v2\/types\/post"}],"author":[{"embeddable":true,"href":"https:\/\/blogs.diariosur.es\/-que-le-compro-\/wp-json\/wp\/v2\/users\/24"}],"replies":[{"embeddable":true,"href":"https:\/\/blogs.diariosur.es\/-que-le-compro-\/wp-json\/wp\/v2\/comments?post=3527"}],"version-history":[{"count":0,"href":"https:\/\/blogs.diariosur.es\/-que-le-compro-\/wp-json\/wp\/v2\/posts\/3527\/revisions"}],"wp:attachment":[{"href":"https:\/\/blogs.diariosur.es\/-que-le-compro-\/wp-json\/wp\/v2\/media?parent=3527"}],"wp:term":[{"taxonomy":"category","embeddable":true,"href":"https:\/\/blogs.diariosur.es\/-que-le-compro-\/wp-json\/wp\/v2\/categories?post=3527"},{"taxonomy":"post_tag","embeddable":true,"href":"https:\/\/blogs.diariosur.es\/-que-le-compro-\/wp-json\/wp\/v2\/tags?post=3527"}],"curies":[{"name":"wp","href":"https:\/\/api.w.org\/{rel}","templated":true}]}}