{"id":3533,"date":"2015-10-09T16:51:00","date_gmt":"2015-10-09T14:51:00","guid":{"rendered":"http:\/\/blogs.diariosur.es\/-que-le-compro-\/?p=3533"},"modified":"2015-10-09T16:51:00","modified_gmt":"2015-10-09T14:51:00","slug":"mercadillos-malaga-puente-octubre","status":"publish","type":"post","link":"https:\/\/blogs.diariosur.es\/-que-le-compro-\/2015\/10\/09\/mercadillos-malaga-puente-octubre\/","title":{"rendered":"Agenda de mercadillos en M\u00e1laga en el puente del Pilar"},"content":{"rendered":"<p>\u00bfVives en M\u00e1laga y este largo fin de semana no vas a viajar? Pues descuida porque <a href=\"http:\/\/www.diariosur.es\/planes\/201510\/06\/guia-planes-quedas-este-20151006175351.html\" rel=\"external nofollow\">actividades no te van a faltar<\/a> en este Puente del Pilar, y entre ellas se incluye una amplia agenda de mercadillos, bien repartida. Si quieres saber cu\u00e1les son las propuestas, sigue leyendo:<\/p>\n<p>La lista de opciones comienza ya este viernes, y con un estreno.Ser\u00e1 en la capital, en <strong>Muelle Uno<\/strong>, que estrena un mercadillo. Se llama <strong>Ultramar\u00a0<\/strong>y anuncian que se celebrar\u00e1 diariamente, hasta el 1 de noviembre, de 10 a 22 horas en la plaza principal de este precioso recinto junto al Puerto de M\u00e1laga. Contar\u00e1 con 9 jaimas, en las que habr\u00e1 de todo, o casi, ya que se podr\u00e1n adquirir art\u00edculos de marroquiner\u00eda, l\u00e1mparas hechas a mano, bisuter\u00eda de dise\u00f1o, cer\u00e1mica tradicional o deleitarse con dulces turcos, embutidos artesanales, pan gallego y variedad de empanadas y dulces horneados en horno de le\u00f1a. Una variedad, organizada por la empresa Target Eventos Especiales, que reunir\u00e1 distintos productos de varias partes del mundo y culturas. As\u00ed que ya sab\u00e9is d\u00f3nde pod\u00e9is ir en este puente y en los pr\u00f3ximos d\u00edas: \u00a1Bienvenidos!<\/p>\n<p>Para el s\u00e1bado, merece la pena visitar la localidad ax\u00e1rquica de <strong>C\u00fatar<\/strong>, que celebra una nueva edici\u00f3n (la trece) de su Fiesta del Monf\u00ed. Uno de los platos fuertes de esta iniciativa es el gran Zoco Andalus\u00ed que acoge, con m\u00e1s de 50 puestos a visitar que ofrecer\u00e1n adem\u00e1s actividades paralelas como degustaciones, talleres, o exhibiciones de danza del vientre. Ya sab\u00e9is, s\u00e1bado y domingo.<\/p>\n<p>Tambi\u00e9n el d\u00eda 10 por la ma\u00f1ana, de nuevo en la capital -para ser exactos, en el <strong>Paseo de Reding de La Malagueta<\/strong>&#8211; toca cita con los alimentos m\u00e1s frescos de mano de Guadalhorce Ecol\u00f3gico, que re\u00fane de nuevo a un nutrido grupo de productores locales junto a la plaza de toros. De 10 a 14 horas, con fruta, verduras y otros productos saludables. Y en el Soho, os recuerdo que de 12 a 15 horas estar\u00e1 el showroom de moda y tapeo con <strong>La habitaci\u00f3n de Kate<\/strong>. <a href=\"https:\/\/blogs.diariosur.es\/-que-le-compro-\/2015\/10\/08\/showroom-habitacion-kate-soho\/\">Pincha aqu\u00ed para recordar los detalles<\/a>.<\/p>\n<p><a href=\"\/-que-le-compro-\/wp-content\/uploads\/sites\/19\/2015\/10\/lacala-agenda.jpg\"><img loading=\"lazy\" class=\"aligncenter size-full wp-image-3535\" title=\"Artesan\u00eda en La Cala Market, s\u00e1bado 10\" src=\"\/-que-le-compro-\/wp-content\/uploads\/sites\/19\/2015\/10\/lacala-agenda.jpg\" alt=\" Artesan\u00eda en La Cala Market, s\u00e1bado 10\" width=\"540\" height=\"495\" srcset=\"https:\/\/static-blogs.diariosur.es\/wp-content\/uploads\/sites\/19\/2015\/10\/lacala-agenda.jpg 540w, https:\/\/static-blogs.diariosur.es\/wp-content\/uploads\/sites\/19\/2015\/10\/lacala-agenda-300x275.jpg 300w\" sizes=\"(max-width: 540px) 100vw, 540px\" \/><\/a><\/p>\n<p>Paralelamente, en La Cala del Moral, al ser el segundo s\u00e1bado del mes llega uno de los fijos del calendario: <strong>La Cala Market<\/strong>. Se celebra en el Paseo Blas Infante, desde la calle Salvador Rueda, de 10 a 15 horas. lustraci\u00f3n, Artesan\u00eda, moda para ni\u00f1os y mayores, complementos, decoraci\u00f3n, alimentaci\u00f3n&#8230; De todo un poco. Y adem\u00e1s, desde las diez de la ma\u00f1ana habr\u00e1 un pintacaras gratuito para los m\u00e1s peque\u00f1os a cargo de Cristina San Juan.<\/p>\n<p>Y para el domingo 11, adem\u00e1s de C\u00fatar, habr\u00e1 otro mercadillo en el Muelle Uno: su <strong>Zoco<\/strong>, tambi\u00e9n uno de los &#8216;habituales&#8217; en el circuito de mercadillos de M\u00e1laga, y que se celebrar\u00e1 de 11 a 18 horas.<\/p>\n<p><a href=\"\/-que-le-compro-\/wp-content\/uploads\/sites\/19\/2015\/10\/agenda-zoco.jpg\"><img loading=\"lazy\" class=\"aligncenter size-full wp-image-3534\" title=\"Zoco en Muelle Uno, el domingo 11\" src=\"\/-que-le-compro-\/wp-content\/uploads\/sites\/19\/2015\/10\/agenda-zoco.jpg\" alt=\"Zoco en Muelle Uno, el domingo 11\" width=\"540\" height=\"336\" srcset=\"https:\/\/static-blogs.diariosur.es\/wp-content\/uploads\/sites\/19\/2015\/10\/agenda-zoco.jpg 540w, https:\/\/static-blogs.diariosur.es\/wp-content\/uploads\/sites\/19\/2015\/10\/agenda-zoco-300x187.jpg 300w\" sizes=\"(max-width: 540px) 100vw, 540px\" \/><\/a><\/p>\n<p>&nbsp;<\/p>\n<p>\u00a1Ah! Y por si despu\u00e9s del fin de semana segu\u00eds con tiempo y ganas para seguir de compras, que sep\u00e1is que el <strong>lunes 12, pese a ser festivo, abren los centros comerciales y grandes superficies en M\u00e1laga<\/strong>.<\/p>\n<p>Trabaj\u00e9is o no, \u00a1feliz fin de semana!<\/p>\n","protected":false},"excerpt":{"rendered":"<p>\u00bfVives en M\u00e1laga y este largo fin de semana no vas a viajar? Pues descuida porque actividades no te van a faltar en este Puente del Pilar, y entre ellas se incluye una amplia agenda de mercadillos, bien repartida. Si quieres saber cu\u00e1les son las propuestas, sigue leyendo: La lista de opciones comienza ya este [&hellip;]<\/p>\n","protected":false},"author":24,"featured_media":0,"comment_status":"open","ping_status":"open","sticky":false,"template":"","format":"standard","meta":[],"categories":[2,4,6],"tags":[1416,1584,1848,2288,2322,2361,3663,3963],"_links":{"self":[{"href":"https:\/\/blogs.diariosur.es\/-que-le-compro-\/wp-json\/wp\/v2\/posts\/3533"}],"collection":[{"href":"https:\/\/blogs.diariosur.es\/-que-le-compro-\/wp-json\/wp\/v2\/posts"}],"about":[{"href":"https:\/\/blogs.diariosur.es\/-que-le-compro-\/wp-json\/wp\/v2\/types\/post"}],"author":[{"embeddable":true,"href":"https:\/\/blogs.diariosur.es\/-que-le-compro-\/wp-json\/wp\/v2\/users\/24"}],"replies":[{"embeddable":true,"href":"https:\/\/blogs.diariosur.es\/-que-le-compro-\/wp-json\/wp\/v2\/comments?post=3533"}],"version-history":[{"count":0,"href":"https:\/\/blogs.diariosur.es\/-que-le-compro-\/wp-json\/wp\/v2\/posts\/3533\/revisions"}],"wp:attachment":[{"href":"https:\/\/blogs.diariosur.es\/-que-le-compro-\/wp-json\/wp\/v2\/media?parent=3533"}],"wp:term":[{"taxonomy":"category","embeddable":true,"href":"https:\/\/blogs.diariosur.es\/-que-le-compro-\/wp-json\/wp\/v2\/categories?post=3533"},{"taxonomy":"post_tag","embeddable":true,"href":"https:\/\/blogs.diariosur.es\/-que-le-compro-\/wp-json\/wp\/v2\/tags?post=3533"}],"curies":[{"name":"wp","href":"https:\/\/api.w.org\/{rel}","templated":true}]}}