{"id":3537,"date":"2015-10-12T23:50:47","date_gmt":"2015-10-12T21:50:47","guid":{"rendered":"http:\/\/blogs.diariosur.es\/-que-le-compro-\/?p=3537"},"modified":"2015-10-12T23:50:47","modified_gmt":"2015-10-12T21:50:47","slug":"aniversario-la-trocha-coin-premios-concurso","status":"publish","type":"post","link":"https:\/\/blogs.diariosur.es\/-que-le-compro-\/2015\/10\/12\/aniversario-la-trocha-coin-premios-concurso\/","title":{"rendered":"La Trocha te viste durante un a\u00f1o por su aniversario"},"content":{"rendered":"<p>El Centro Comercial <strong>La Trocha de Co\u00edn<\/strong> est\u00e1 de enhorabuena, ya que celebra su und\u00e9cimo aniversario. Y lo va a celebrar por tdoo lo alto con sus clientes. Toma nota, que es una promoci\u00f3n m\u00e1s que interesante para renovar el armario, porque todos aquellos que\u00a0realicen una compra por un importe de 30 euros o m\u00e1s, tendr\u00e1n la oportunidad de recibir <strong>150 euros mensuales para gastar en moda y complementos<\/strong>.<br \/>\n\u00bfC\u00f3mo se puede participar ? Solo hay que hacer alguna compra por ese importe en alguno de los establecimientos del centro comercial, donde recibir\u00e1n un boleto para completar sus datos y depositar en una urna ubicada en la \u2018Zona Selfie\u2019, en la Plaza de la Moda (junto a Dunnes Stores y Springfield).<\/p>\n<p>Adem\u00e1s, en la nueva \u2018Zona Selfie\u2019, los clientes que suban la foto m\u00e1s original y divertida con el hashtag #aniversariolatrocha, entrar\u00e1n en el sorteo de men\u00fas Whopper en Burger King y entradas de cine para las salas P\u00edxel del mismo centro.<\/p>\n<p>Esta campa\u00f1a de aniversario <span style=\"text-decoration: underline;\">finalizar\u00e1 el s\u00e1bado 31 de octubre<\/span> y para poner el broche de oro se proceder\u00e1 al sorteo de los premios: \u2018V\u00edstete gratis durante un a\u00f1o\u2019, m\u00f3viles de \u00faltima generaci\u00f3n, compras gratis en alimentaci\u00f3n, d\u00e9cimos de Loter\u00eda de Navidad, vales para canjear en las tiendas, cenas, desayunos y meriendas, y muchos m\u00e1s regalos para recordar la celebraci\u00f3n del d\u00e9cimo primer cumplea\u00f1os del Centro Comercial La Trocha de Co\u00edn.<\/p>\n<p>Avisados qued\u00e1is: \u00a1suerte y felicidades por el aniversario!<\/p>\n<p>&nbsp;<\/p>\n<p><a href=\"\/-que-le-compro-\/wp-content\/uploads\/sites\/19\/2015\/10\/selfie-coin.jpg\"><img loading=\"lazy\" class=\"aligncenter size-full wp-image-3538\" title=\"Aniversario en La Trocha, photocall de selfies\" src=\"\/-que-le-compro-\/wp-content\/uploads\/sites\/19\/2015\/10\/selfie-coin.jpg\" alt=\"Aniversario en La Trocha, photocall de selfies\" width=\"540\" height=\"540\" srcset=\"https:\/\/static-blogs.diariosur.es\/wp-content\/uploads\/sites\/19\/2015\/10\/selfie-coin.jpg 540w, https:\/\/static-blogs.diariosur.es\/wp-content\/uploads\/sites\/19\/2015\/10\/selfie-coin-150x150.jpg 150w, https:\/\/static-blogs.diariosur.es\/wp-content\/uploads\/sites\/19\/2015\/10\/selfie-coin-300x300.jpg 300w\" sizes=\"(max-width: 540px) 100vw, 540px\" \/><\/a><\/p>\n","protected":false},"excerpt":{"rendered":"<p>El Centro Comercial La Trocha de Co\u00edn est\u00e1 de enhorabuena, ya que celebra su und\u00e9cimo aniversario. Y lo va a celebrar por tdoo lo alto con sus clientes. Toma nota, que es una promoci\u00f3n m\u00e1s que interesante para renovar el armario, porque todos aquellos que\u00a0realicen una compra por un importe de 30 euros o m\u00e1s, [&hellip;]<\/p>\n","protected":false},"author":24,"featured_media":0,"comment_status":"open","ping_status":"open","sticky":false,"template":"","format":"standard","meta":[],"categories":[2],"tags":[204,713,880,1924],"_links":{"self":[{"href":"https:\/\/blogs.diariosur.es\/-que-le-compro-\/wp-json\/wp\/v2\/posts\/3537"}],"collection":[{"href":"https:\/\/blogs.diariosur.es\/-que-le-compro-\/wp-json\/wp\/v2\/posts"}],"about":[{"href":"https:\/\/blogs.diariosur.es\/-que-le-compro-\/wp-json\/wp\/v2\/types\/post"}],"author":[{"embeddable":true,"href":"https:\/\/blogs.diariosur.es\/-que-le-compro-\/wp-json\/wp\/v2\/users\/24"}],"replies":[{"embeddable":true,"href":"https:\/\/blogs.diariosur.es\/-que-le-compro-\/wp-json\/wp\/v2\/comments?post=3537"}],"version-history":[{"count":0,"href":"https:\/\/blogs.diariosur.es\/-que-le-compro-\/wp-json\/wp\/v2\/posts\/3537\/revisions"}],"wp:attachment":[{"href":"https:\/\/blogs.diariosur.es\/-que-le-compro-\/wp-json\/wp\/v2\/media?parent=3537"}],"wp:term":[{"taxonomy":"category","embeddable":true,"href":"https:\/\/blogs.diariosur.es\/-que-le-compro-\/wp-json\/wp\/v2\/categories?post=3537"},{"taxonomy":"post_tag","embeddable":true,"href":"https:\/\/blogs.diariosur.es\/-que-le-compro-\/wp-json\/wp\/v2\/tags?post=3537"}],"curies":[{"name":"wp","href":"https:\/\/api.w.org\/{rel}","templated":true}]}}