{"id":3540,"date":"2015-10-13T22:21:34","date_gmt":"2015-10-13T20:21:34","guid":{"rendered":"http:\/\/blogs.diariosur.es\/-que-le-compro-\/?p=3540"},"modified":"2015-10-13T22:21:34","modified_gmt":"2015-10-13T20:21:34","slug":"cierre-tienda-habitacion-kate-descuentos","status":"publish","type":"post","link":"https:\/\/blogs.diariosur.es\/-que-le-compro-\/2015\/10\/13\/cierre-tienda-habitacion-kate-descuentos\/","title":{"rendered":"La habitaci\u00f3n de Kate cierra en Oller\u00edas con intenci\u00f3n de mudarse"},"content":{"rendered":"<p>A Kate se le ha quedado peque\u00f1a la habitaci\u00f3n y busca una nueva casa, en este caso calle, donde instalarse. La emblem\u00e1tica tienda de <strong>Oller\u00edas<\/strong> pondr\u00e1 este jueves el punto y final a su andadura en esta v\u00eda para iniciar una nueva etapa. Ser\u00e1 tambi\u00e9n en el Centro, pero sus responsables, Vanessa y Noelia Arques, a\u00fan no saben exactamente d\u00f3nde.<\/p>\n<p><a href=\"\/-que-le-compro-\/wp-content\/uploads\/sites\/19\/2015\/10\/kate-general2.jpg\"><img loading=\"lazy\" class=\"aligncenter size-full wp-image-3541\" title=\"Interior de la tienda en calle Oller\u00edas\" src=\"\/-que-le-compro-\/wp-content\/uploads\/sites\/19\/2015\/10\/kate-general2.jpg\" alt=\"Interior de la tienda en calle Oller\u00edas\" width=\"540\" height=\"405\" srcset=\"https:\/\/static-blogs.diariosur.es\/wp-content\/uploads\/sites\/19\/2015\/10\/kate-general2.jpg 540w, https:\/\/static-blogs.diariosur.es\/wp-content\/uploads\/sites\/19\/2015\/10\/kate-general2-300x225.jpg 300w\" sizes=\"(max-width: 540px) 100vw, 540px\" \/><\/a><\/p>\n<p>De este modo, mientras buscan un nuevo local que se adapte a sus necesidades, <strong>La habitaci\u00f3n de Kate<\/strong> mantendr\u00e1 su tienda online y tambi\u00e9n continuar\u00e1 con sus actividades paralelas como los mercadillos y &#8216;showrooms&#8217; en distintos espacios \u2013el \u00faltimo, el s\u00e1bado pasado en el Soho\u2013 que tan buenos resultados le han dado hasta ahora.<\/p>\n<p>\u00abLa habitaci\u00f3n se nos ha quedado peque\u00f1a, ha llegado el momento de evolucionar\u00bb, se\u00f1ala Noelia Arques, cofundadora de esta tienda que precisamente el jueves celebra su s\u00e9ptimo aniversario de vida. Ese ser\u00e1, precisamente, el broche final de este peque\u00f1o local en Oller\u00edas, que promete tener punto y seguido en otro lugar puesto que motivos no le faltan, sino m\u00e1s bien todo lo contrario.\u00a0\u00abNos ha ido muy bien desde el principio, no pens\u00e1bamos que \u00edbamos a durar tanto y estamos muy contentas, nos da pena irnos pero ha llegado el momento de buscar otro sitio en el que poder hacer m\u00e1s cosas; hay que evolucionar\u00bb, a\u00f1ade esta joven emprendedora, que ha puesto varios de los art\u00edculos de la tienda con descuentos especiales para liquidar stock antes de la despedida.<\/p>\n<p><a href=\"\/-que-le-compro-\/wp-content\/uploads\/sites\/19\/2015\/10\/kate-general1.jpg\"><img loading=\"lazy\" class=\"aligncenter size-full wp-image-3542\" title=\"Interior de la tienda en calle Oller\u00edas\" src=\"\/-que-le-compro-\/wp-content\/uploads\/sites\/19\/2015\/10\/kate-general1.jpg\" alt=\"Interior de la tienda en calle Oller\u00edas\" width=\"540\" height=\"343\" srcset=\"https:\/\/static-blogs.diariosur.es\/wp-content\/uploads\/sites\/19\/2015\/10\/kate-general1.jpg 540w, https:\/\/static-blogs.diariosur.es\/wp-content\/uploads\/sites\/19\/2015\/10\/kate-general1-300x191.jpg 300w\" sizes=\"(max-width: 540px) 100vw, 540px\" \/><\/a><\/p>\n<p><strong><\/strong><\/p>\n<div id=\"attachment_3544\" style=\"width: 550px\" class=\"wp-caption aligncenter\"><a href=\"\/-que-le-compro-\/wp-content\/uploads\/sites\/19\/2015\/10\/kate-hermanass.jpg\"><img aria-describedby=\"caption-attachment-3544\" loading=\"lazy\" class=\"size-full wp-image-3544\" title=\"Las hermanas Arques: Noelia, Vanessa y Mar\u00eda\" src=\"\/-que-le-compro-\/wp-content\/uploads\/sites\/19\/2015\/10\/kate-hermanass.jpg\" alt=\"Las hermanas Arques: Noelia, Vanessa y Mar\u00eda\" width=\"540\" height=\"454\" srcset=\"https:\/\/static-blogs.diariosur.es\/wp-content\/uploads\/sites\/19\/2015\/10\/kate-hermanass.jpg 540w, https:\/\/static-blogs.diariosur.es\/wp-content\/uploads\/sites\/19\/2015\/10\/kate-hermanass-300x252.jpg 300w\" sizes=\"(max-width: 540px) 100vw, 540px\" \/><\/a><p id=\"caption-attachment-3544\" class=\"wp-caption-text\">Las hermanas Arques: Noelia, Vanessa y Mar\u00eda<\/p><\/div>\n<p><strong>Un nuevo rumbo<\/strong><br \/>\nTanto Noelia como su hermana conf\u00edan en poder volver en diciembre o enero, pero no se han fijado una fecha concreta para su regreso ya que primero tienen que encontrar un lugar a su gusto, que \u00abnos encaje. Ser\u00e1 un multiespacio que nos permita movernos mucho m\u00e1s, en todos los sentidos, porque queremos lanzar nuestros propios dise\u00f1os\u00bb, se\u00f1alan estas hermanas, que tambi\u00e9n se refieren al deterioro de calle Oller\u00edas como otro de los motivos para no renovar el alquiler de su ubicaci\u00f3n actual, en el que apenas tienen espacio para sus prendas y complementos.<\/p>\n<p><a href=\"\/-que-le-compro-\/wp-content\/uploads\/sites\/19\/2015\/10\/kate-collares.jpg\"><img loading=\"lazy\" class=\"aligncenter size-full wp-image-3543\" title=\"Moda y complementos son los puntos fuertes de esta tienda\" src=\"\/-que-le-compro-\/wp-content\/uploads\/sites\/19\/2015\/10\/kate-collares.jpg\" alt=\"Moda y complementos son los puntos fuertes de esta tienda\" width=\"540\" height=\"405\" srcset=\"https:\/\/static-blogs.diariosur.es\/wp-content\/uploads\/sites\/19\/2015\/10\/kate-collares.jpg 540w, https:\/\/static-blogs.diariosur.es\/wp-content\/uploads\/sites\/19\/2015\/10\/kate-collares-300x225.jpg 300w\" sizes=\"(max-width: 540px) 100vw, 540px\" \/><\/a><\/p>\n<p>As\u00ed que ya sab\u00e9is, el jueves 15 La habitaci\u00f3n de Kate celebrar\u00e1 su s\u00e9ptimo cumplea\u00f1os de manera muy especial y dir\u00e1 hasta luego. \u00a1Suerte, chicas!<\/p>\n<div id=\"attachment_3545\" style=\"width: 550px\" class=\"wp-caption aligncenter\"><a href=\"\/-que-le-compro-\/wp-content\/uploads\/sites\/19\/2015\/10\/kate-fachada.jpg\"><img aria-describedby=\"caption-attachment-3545\" loading=\"lazy\" class=\"size-full wp-image-3545\" title=\"La habitaci\u00f3n de Kate dir\u00e1 el jueves adi\u00f3s a la calle Oller\u00edas 12\" src=\"\/-que-le-compro-\/wp-content\/uploads\/sites\/19\/2015\/10\/kate-fachada.jpg\" alt=\"La habitaci\u00f3n de Kate dir\u00e1 el jueves adi\u00f3s a la calle Oller\u00edas 12\" width=\"540\" height=\"1216\" srcset=\"https:\/\/static-blogs.diariosur.es\/wp-content\/uploads\/sites\/19\/2015\/10\/kate-fachada.jpg 540w, https:\/\/static-blogs.diariosur.es\/wp-content\/uploads\/sites\/19\/2015\/10\/kate-fachada-133x300.jpg 133w, https:\/\/static-blogs.diariosur.es\/wp-content\/uploads\/sites\/19\/2015\/10\/kate-fachada-455x1024.jpg 455w\" sizes=\"(max-width: 540px) 100vw, 540px\" \/><\/a><p id=\"caption-attachment-3545\" class=\"wp-caption-text\">La habitaci\u00f3n de Kate dir\u00e1 el jueves adi\u00f3s a la calle Oller\u00edas 12<\/p><\/div>\n","protected":false},"excerpt":{"rendered":"<p>A Kate se le ha quedado peque\u00f1a la habitaci\u00f3n y busca una nueva casa, en este caso calle, donde instalarse. La emblem\u00e1tica tienda de Oller\u00edas pondr\u00e1 este jueves el punto y final a su andadura en esta v\u00eda para iniciar una nueva etapa. Ser\u00e1 tambi\u00e9n en el Centro, pero sus responsables, Vanessa y Noelia Arques, [&hellip;]<\/p>\n","protected":false},"author":24,"featured_media":0,"comment_status":"open","ping_status":"open","sticky":false,"template":"","format":"standard","meta":[],"categories":[7],"tags":[550,1878,1879,2513,2658,3391,3682,3867],"_links":{"self":[{"href":"https:\/\/blogs.diariosur.es\/-que-le-compro-\/wp-json\/wp\/v2\/posts\/3540"}],"collection":[{"href":"https:\/\/blogs.diariosur.es\/-que-le-compro-\/wp-json\/wp\/v2\/posts"}],"about":[{"href":"https:\/\/blogs.diariosur.es\/-que-le-compro-\/wp-json\/wp\/v2\/types\/post"}],"author":[{"embeddable":true,"href":"https:\/\/blogs.diariosur.es\/-que-le-compro-\/wp-json\/wp\/v2\/users\/24"}],"replies":[{"embeddable":true,"href":"https:\/\/blogs.diariosur.es\/-que-le-compro-\/wp-json\/wp\/v2\/comments?post=3540"}],"version-history":[{"count":0,"href":"https:\/\/blogs.diariosur.es\/-que-le-compro-\/wp-json\/wp\/v2\/posts\/3540\/revisions"}],"wp:attachment":[{"href":"https:\/\/blogs.diariosur.es\/-que-le-compro-\/wp-json\/wp\/v2\/media?parent=3540"}],"wp:term":[{"taxonomy":"category","embeddable":true,"href":"https:\/\/blogs.diariosur.es\/-que-le-compro-\/wp-json\/wp\/v2\/categories?post=3540"},{"taxonomy":"post_tag","embeddable":true,"href":"https:\/\/blogs.diariosur.es\/-que-le-compro-\/wp-json\/wp\/v2\/tags?post=3540"}],"curies":[{"name":"wp","href":"https:\/\/api.w.org\/{rel}","templated":true}]}}