{"id":3546,"date":"2015-10-14T14:27:02","date_gmt":"2015-10-14T12:27:02","guid":{"rendered":"http:\/\/blogs.diariosur.es\/-que-le-compro-\/?p=3546"},"modified":"2015-10-14T14:27:02","modified_gmt":"2015-10-14T12:27:02","slug":"giorgio-armani-beauty-malaga-inauguracion","status":"publish","type":"post","link":"https:\/\/blogs.diariosur.es\/-que-le-compro-\/2015\/10\/14\/giorgio-armani-beauty-malaga-inauguracion\/","title":{"rendered":"Astrid Klisans presenta la nueva boutique de Giorgio Armani Beauty en M\u00e1laga"},"content":{"rendered":"<p align=\"center\">\n<p><strong>Giorgio Armani Beauty<\/strong> est\u00e1 de estreno en M\u00e1laga. Acaba de inaugurar una boutique en <strong>El Corte Ingl\u00e9s<\/strong>\u00a0(avenida de Andaluc\u00eda) y para su presentaci\u00f3n cont\u00f3 con la presencia de la arquitecta Astrid Klisans, conocida adem\u00e1s por ser la esposa del cantante Carlos Baute.<\/p>\n<div id=\"attachment_3547\" style=\"width: 550px\" class=\"wp-caption aligncenter\"><a href=\"\/-que-le-compro-\/wp-content\/uploads\/sites\/19\/2015\/10\/blog-astrid-corner.jpg\"><img aria-describedby=\"caption-attachment-3547\" loading=\"lazy\" class=\"size-full wp-image-3547\" title=\"Astrid, en el nuevo stand de Giorgio Armani beauty\" src=\"\/-que-le-compro-\/wp-content\/uploads\/sites\/19\/2015\/10\/blog-astrid-corner.jpg\" alt=\"Astrid, en el nuevo stand de Giorgio Armani beauty\" width=\"540\" height=\"376\" srcset=\"https:\/\/static-blogs.diariosur.es\/wp-content\/uploads\/sites\/19\/2015\/10\/blog-astrid-corner.jpg 540w, https:\/\/static-blogs.diariosur.es\/wp-content\/uploads\/sites\/19\/2015\/10\/blog-astrid-corner-300x209.jpg 300w\" sizes=\"(max-width: 540px) 100vw, 540px\" \/><\/a><p id=\"caption-attachment-3547\" class=\"wp-caption-text\">Astrid Klisans, en el nuevo stand de Giorgio Armani beauty<\/p><\/div>\n<p>La tambi\u00e9n presentadora ejerci\u00f3 como embajadora de la marca en lo que era su debut como representante de la firma en M\u00e1laga, por lo que mostr\u00f3 su alegr\u00eda y no dud\u00f3 en lucir y probar algunos de los nuevos productos de maquillaje de la firma.<\/p>\n<p>Giorgio Armani Beauty, que en 2015 celebra sus 15 a\u00f1os en el mundo de la belleza, contin\u00faa con su pol\u00edtica de expansi\u00f3n y ejemplo de ello, es la reciente apertura de su nuevo espacio en El Corte Ingl\u00e9s, en el que las clientas podr\u00e1n conocer de la mano de experto \u00a0las \u00faltimas novedades en maquillaje y t\u00e9cnicas para sacar el m\u00e1ximo partido a su belleza natural as\u00ed como el universo de las fragancias Armani.<\/p>\n<p><a href=\"\/-que-le-compro-\/wp-content\/uploads\/sites\/19\/2015\/10\/blog-astrid-corteingles1.jpg\"><img loading=\"lazy\" class=\"aligncenter size-full wp-image-3550\" title=\"blog-astrid-corteingles\" src=\"\/-que-le-compro-\/wp-content\/uploads\/sites\/19\/2015\/10\/blog-astrid-corteingles1.jpg\" alt=\"\" width=\"540\" height=\"809\" srcset=\"https:\/\/static-blogs.diariosur.es\/wp-content\/uploads\/sites\/19\/2015\/10\/blog-astrid-corteingles1.jpg 540w, https:\/\/static-blogs.diariosur.es\/wp-content\/uploads\/sites\/19\/2015\/10\/blog-astrid-corteingles1-200x300.jpg 200w\" sizes=\"(max-width: 540px) 100vw, 540px\" \/><\/a><\/p>\n<p>&nbsp;<\/p>\n<p><a href=\"\/-que-le-compro-\/wp-content\/uploads\/sites\/19\/2015\/10\/blog-astrid-maquillaje1.jpg\"><img loading=\"lazy\" class=\"aligncenter size-full wp-image-3551\" title=\"blog-astrid-maquillaje\" src=\"\/-que-le-compro-\/wp-content\/uploads\/sites\/19\/2015\/10\/blog-astrid-maquillaje1.jpg\" alt=\"\" width=\"540\" height=\"365\" srcset=\"https:\/\/static-blogs.diariosur.es\/wp-content\/uploads\/sites\/19\/2015\/10\/blog-astrid-maquillaje1.jpg 540w, https:\/\/static-blogs.diariosur.es\/wp-content\/uploads\/sites\/19\/2015\/10\/blog-astrid-maquillaje1-300x203.jpg 300w\" sizes=\"(max-width: 540px) 100vw, 540px\" \/><\/a><\/p>\n<p>&nbsp;<\/p>\n<p>&nbsp;<\/p>\n<p>&nbsp;<\/p>\n<p align=\"center\">\n<p align=\"center\">\n<p align=\"center\">\n<p align=\"center\">\n<p>&nbsp;<\/p>\n<p>&nbsp;<\/p>\n<p>&nbsp;<\/p>\n<p>&nbsp;<\/p>\n<p>&nbsp;<\/p>\n<p>&nbsp;<\/p>\n<p>&nbsp;<\/p>\n","protected":false},"excerpt":{"rendered":"<p>Giorgio Armani Beauty est\u00e1 de estreno en M\u00e1laga. Acaba de inaugurar una boutique en El Corte Ingl\u00e9s\u00a0(avenida de Andaluc\u00eda) y para su presentaci\u00f3n cont\u00f3 con la presencia de la arquitecta Astrid Klisans, conocida adem\u00e1s por ser la esposa del cantante Carlos Baute. La tambi\u00e9n presentadora ejerci\u00f3 como embajadora de la marca en lo que era [&hellip;]<\/p>\n","protected":false},"author":24,"featured_media":0,"comment_status":"open","ping_status":"open","sticky":false,"template":"","format":"standard","meta":[],"categories":[2],"tags":[324,1204,1548],"_links":{"self":[{"href":"https:\/\/blogs.diariosur.es\/-que-le-compro-\/wp-json\/wp\/v2\/posts\/3546"}],"collection":[{"href":"https:\/\/blogs.diariosur.es\/-que-le-compro-\/wp-json\/wp\/v2\/posts"}],"about":[{"href":"https:\/\/blogs.diariosur.es\/-que-le-compro-\/wp-json\/wp\/v2\/types\/post"}],"author":[{"embeddable":true,"href":"https:\/\/blogs.diariosur.es\/-que-le-compro-\/wp-json\/wp\/v2\/users\/24"}],"replies":[{"embeddable":true,"href":"https:\/\/blogs.diariosur.es\/-que-le-compro-\/wp-json\/wp\/v2\/comments?post=3546"}],"version-history":[{"count":0,"href":"https:\/\/blogs.diariosur.es\/-que-le-compro-\/wp-json\/wp\/v2\/posts\/3546\/revisions"}],"wp:attachment":[{"href":"https:\/\/blogs.diariosur.es\/-que-le-compro-\/wp-json\/wp\/v2\/media?parent=3546"}],"wp:term":[{"taxonomy":"category","embeddable":true,"href":"https:\/\/blogs.diariosur.es\/-que-le-compro-\/wp-json\/wp\/v2\/categories?post=3546"},{"taxonomy":"post_tag","embeddable":true,"href":"https:\/\/blogs.diariosur.es\/-que-le-compro-\/wp-json\/wp\/v2\/tags?post=3546"}],"curies":[{"name":"wp","href":"https:\/\/api.w.org\/{rel}","templated":true}]}}