{"id":3552,"date":"2015-10-15T15:57:53","date_gmt":"2015-10-15T13:57:53","guid":{"rendered":"http:\/\/blogs.diariosur.es\/-que-le-compro-\/?p=3552"},"modified":"2015-10-15T15:57:53","modified_gmt":"2015-10-15T13:57:53","slug":"tienda-madre-coraje-malaga-elpalo","status":"publish","type":"post","link":"https:\/\/blogs.diariosur.es\/-que-le-compro-\/2015\/10\/15\/tienda-madre-coraje-malaga-elpalo\/","title":{"rendered":"Madre Coraje inaugura su tercera tienda solidaria en M\u00e1laga"},"content":{"rendered":"<p>Ya es habitual ver sus contenedores repartidos por distintos puntos de la ciudad, y desde hace un tiempo ya tambi\u00e9n cuentan con tienda propia. La primera fue en su sede, en la calle Punta Alta del pol\u00edgono San Luis, y a ella se uni\u00f3 la de la plaza Alfredo Catalani, en la zona de Carretera de C\u00e1diz. Y desde hace solo un par de d\u00edas la asociaci\u00f3n <strong>Madre Coraje<\/strong> tiene tambi\u00e9n presencia en El Palo, donde este jueves inauguran oficialmente su local solidario en un acto que contar\u00e1 con diversas autoridades locales.<\/p>\n<div id=\"attachment_3553\" style=\"width: 550px\" class=\"wp-caption aligncenter\"><a href=\"\/-que-le-compro-\/wp-content\/uploads\/sites\/19\/2015\/10\/tienda-madrecoraje.jpg\"><img aria-describedby=\"caption-attachment-3553\" loading=\"lazy\" class=\"size-full wp-image-3553\" title=\"Escaparate de la nueva tienda de la ONG en El Palo\" src=\"\/-que-le-compro-\/wp-content\/uploads\/sites\/19\/2015\/10\/tienda-madrecoraje.jpg\" alt=\"Escaparate de la nueva tienda de la ONG en El Palo\" width=\"540\" height=\"329\" srcset=\"https:\/\/static-blogs.diariosur.es\/wp-content\/uploads\/sites\/19\/2015\/10\/tienda-madrecoraje.jpg 540w, https:\/\/static-blogs.diariosur.es\/wp-content\/uploads\/sites\/19\/2015\/10\/tienda-madrecoraje-300x183.jpg 300w\" sizes=\"(max-width: 540px) 100vw, 540px\" \/><\/a><p id=\"caption-attachment-3553\" class=\"wp-caption-text\">Escaparate de la nueva tienda de la ONG en El Palo<\/p><\/div>\n<p>Al igual que las otras dos, la nueva tienda, que se encuentra en la calle Antonio Trueba (frente a la comisar\u00eda de El Palo) tendr\u00e1 una doble funci\u00f3n, ya que all\u00ed se podr\u00e1n adquirir art\u00edculos (seleccionados de los recogidos en los contenedores) y tambi\u00e9n se aceptan otros que est\u00e9n en buen estado y que sus due\u00f1os quieran donar. Fundamentalmente s<strong>e recoge ropa, complementos, objetos de decoraci\u00f3n, pero tambi\u00e9n juguetes y art\u00edculos de beb\u00e9<\/strong>. De hecho, desde esta ONG destacan que los \u00a0productos de puericultura son muy demandados, y que son muchas las familias interesadas en ellos, por lo que se anima a aquellos padres que ya no los usen a donar sus carritos, ropa, mantas y otros enseres.<\/p>\n<div id=\"attachment_3554\" style=\"width: 550px\" class=\"wp-caption aligncenter\"><a href=\"\/-que-le-compro-\/wp-content\/uploads\/sites\/19\/2015\/10\/tienda-fachada2.jpg\"><img aria-describedby=\"caption-attachment-3554\" loading=\"lazy\" class=\"size-full wp-image-3554\" title=\"La tienda est\u00e1 en la calle Antonio Trueba, frente a la comisar\u00eda de El Palo\" src=\"\/-que-le-compro-\/wp-content\/uploads\/sites\/19\/2015\/10\/tienda-fachada2.jpg\" alt=\"La tienda est\u00e1 en la calle Antonio Trueba, frente a la comisar\u00eda de El Palo\" width=\"540\" height=\"423\" srcset=\"https:\/\/static-blogs.diariosur.es\/wp-content\/uploads\/sites\/19\/2015\/10\/tienda-fachada2.jpg 540w, https:\/\/static-blogs.diariosur.es\/wp-content\/uploads\/sites\/19\/2015\/10\/tienda-fachada2-300x235.jpg 300w\" sizes=\"(max-width: 540px) 100vw, 540px\" \/><\/a><p id=\"caption-attachment-3554\" class=\"wp-caption-text\">La tienda est\u00e1 en la calle Antonio Trueba, frente a la comisar\u00eda de El Palo. :: C. R. <\/p><\/div>\n<p>Todo lo que se recoja ir\u00e1 a parar a distintos destinos, como Per\u00fa, Mozambique, Siria (donde ya hay un amplio lote listo para Cruz Roja y la CEAR) y por supuesto para vecinos de M\u00e1laga que lo necesiten, ya que esta ONG trabaja en red con distintos organismos de ayuda como la Cruz Roja y tambi\u00e9n el Ayuntamiento de M\u00e1laga, para conocer las necesidades de la poblaci\u00f3n, por lo que es habitual que colaboren tambi\u00e9n enviando ropa al albergue municipal, por ejemplo. As\u00ed que aqu\u00ed os paso los datos de contacto de la nueva tienda por si pod\u00e9is ayudar:<\/p>\n<p><strong>NUEVA TIENDA DE MADRE CORAJE EN M\u00c1LAGA<\/strong><\/p>\n<p><em>D\u00f3nde<\/em>: Calle Antonio Trueba 1, frente a la comisar\u00eda de El Palo.<\/p>\n<p><em>Horario<\/em>: de lunes a viernes de 10 a 13.30 y de 17 a 20.00 | S\u00e1bados: de 10 a 13.30<\/p>\n<p><em>Qu\u00e9 se puede encontrar<\/em>: Se puede comprar y donar ropa, complementos y art\u00edculos para el hogar y el beb\u00e9 en buen estado.<\/p>\n<p>&nbsp;<\/p>\n","protected":false},"excerpt":{"rendered":"<p>Ya es habitual ver sus contenedores repartidos por distintos puntos de la ciudad, y desde hace un tiempo ya tambi\u00e9n cuentan con tienda propia. La primera fue en su sede, en la calle Punta Alta del pol\u00edgono San Luis, y a ella se uni\u00f3 la de la plaza Alfredo Catalani, en la zona de Carretera [&hellip;]<\/p>\n","protected":false},"author":24,"featured_media":0,"comment_status":"open","ping_status":"open","sticky":false,"template":"","format":"standard","meta":[],"categories":[4,7],"tags":[2737,2738,3588,3612,3656],"_links":{"self":[{"href":"https:\/\/blogs.diariosur.es\/-que-le-compro-\/wp-json\/wp\/v2\/posts\/3552"}],"collection":[{"href":"https:\/\/blogs.diariosur.es\/-que-le-compro-\/wp-json\/wp\/v2\/posts"}],"about":[{"href":"https:\/\/blogs.diariosur.es\/-que-le-compro-\/wp-json\/wp\/v2\/types\/post"}],"author":[{"embeddable":true,"href":"https:\/\/blogs.diariosur.es\/-que-le-compro-\/wp-json\/wp\/v2\/users\/24"}],"replies":[{"embeddable":true,"href":"https:\/\/blogs.diariosur.es\/-que-le-compro-\/wp-json\/wp\/v2\/comments?post=3552"}],"version-history":[{"count":0,"href":"https:\/\/blogs.diariosur.es\/-que-le-compro-\/wp-json\/wp\/v2\/posts\/3552\/revisions"}],"wp:attachment":[{"href":"https:\/\/blogs.diariosur.es\/-que-le-compro-\/wp-json\/wp\/v2\/media?parent=3552"}],"wp:term":[{"taxonomy":"category","embeddable":true,"href":"https:\/\/blogs.diariosur.es\/-que-le-compro-\/wp-json\/wp\/v2\/categories?post=3552"},{"taxonomy":"post_tag","embeddable":true,"href":"https:\/\/blogs.diariosur.es\/-que-le-compro-\/wp-json\/wp\/v2\/tags?post=3552"}],"curies":[{"name":"wp","href":"https:\/\/api.w.org\/{rel}","templated":true}]}}