{"id":3558,"date":"2015-10-20T00:12:36","date_gmt":"2015-10-19T22:12:36","guid":{"rendered":"http:\/\/blogs.diariosur.es\/-que-le-compro-\/?p=3558"},"modified":"2015-10-20T00:12:36","modified_gmt":"2015-10-19T22:12:36","slug":"compras-solidarias-cancer-mama-baratas","status":"publish","type":"post","link":"https:\/\/blogs.diariosur.es\/-que-le-compro-\/2015\/10\/20\/compras-solidarias-cancer-mama-baratas\/","title":{"rendered":"Compras solidarias y baratas con la lucha con el c\u00e1ncer de mama"},"content":{"rendered":"<p>Como ya sabr\u00e9is, el <strong>19 de octubre es el d\u00eda mundial contra el c\u00e1ncer de mama<\/strong>, y la verdad es que nos ponen muy f\u00e1cil aportar nuestro granito de arena a la causa. Porque cada vez son m\u00e1s las firmas que alrededor de esta fecha lanzan ediciones limitadas, piezas exclusivas u otras campa\u00f1as para colaborar en la lucha contra esta enfermedad, con objetos cotidianos y f\u00e1ciles de encontrar, para que no haya excusas. Por supuesto lo hay de todos los precios, pero para que ve\u00e1is que es posible ayudar y de manera bastante asequible, aqu\u00ed ten\u00e9is unos cuantos ejemplos.<\/p>\n<p>El primero, por supuesto, es el art\u00edculo bandera en estos d\u00edas de la <strong>Asociaci\u00f3n Espa\u00f1ola contra el C\u00e1ncer<\/strong>, sus gafas rosas solidarias. Solo cuestan 5 euros \u00a1s\u00ed, solo 5! y s\u00ed tambi\u00e9n, protegen del sol, est\u00e1n homologadas. Para saber c\u00f3mo conseguirlas, pincha en su p\u00e1gina web <a href=\"http:\/\/www. sumatealrosa.aecc.es\" rel=\"external nofollow\">www. sumatealrosa.aecc.es<\/a><\/p>\n<p><a href=\"\/-que-le-compro-\/wp-content\/uploads\/sites\/19\/2015\/10\/cancer-gafas.jpg\"><img loading=\"lazy\" class=\"aligncenter size-full wp-image-3559\" title=\"Gafas rosas de la AECC\" src=\"\/-que-le-compro-\/wp-content\/uploads\/sites\/19\/2015\/10\/cancer-gafas.jpg\" alt=\"Gafas rosas de la AECC\" width=\"540\" height=\"284\" srcset=\"https:\/\/static-blogs.diariosur.es\/wp-content\/uploads\/sites\/19\/2015\/10\/cancer-gafas.jpg 540w, https:\/\/static-blogs.diariosur.es\/wp-content\/uploads\/sites\/19\/2015\/10\/cancer-gafas-300x158.jpg 300w\" sizes=\"(max-width: 540px) 100vw, 540px\" \/><\/a><\/p>\n<p>&nbsp;<\/p>\n<p>Si quieres hacer (o hacerte un regalo) en estas fechas, \u00bfqu\u00e9 tal una pulsera? <strong>Pandora<\/strong> presenta este brazalete r\u00edgido de plata de primera ley y lazo en circonita rosa en una edici\u00f3n especial contra el c\u00e1ncer de mama. Su precio: 69,00 \u20ac. Con ella la firma apoya de nuevo a la Fundaci\u00f3n Sandra Ibarra.<\/p>\n<p><a href=\"\/-que-le-compro-\/wp-content\/uploads\/sites\/19\/2015\/10\/cancer-pandora.jpg\"><img loading=\"lazy\" class=\"aligncenter size-full wp-image-3560\" title=\"Pulsera solidaria con el c\u00e1ncer de mama de Pandora\" src=\"\/-que-le-compro-\/wp-content\/uploads\/sites\/19\/2015\/10\/cancer-pandora.jpg\" alt=\"Pulsera solidaria con el c\u00e1ncer de mama de Pandora\" width=\"540\" height=\"521\" srcset=\"https:\/\/static-blogs.diariosur.es\/wp-content\/uploads\/sites\/19\/2015\/10\/cancer-pandora.jpg 540w, https:\/\/static-blogs.diariosur.es\/wp-content\/uploads\/sites\/19\/2015\/10\/cancer-pandora-300x289.jpg 300w\" sizes=\"(max-width: 540px) 100vw, 540px\" \/><\/a><\/p>\n<p>&nbsp;<\/p>\n<p>&nbsp;<\/p>\n<p>Por cierto que la propia <strong>Sandra Ibarra<\/strong> ha creado una tienda online llamada <a href=\"http:\/\/www.kissandflysolidary.com\/\" rel=\"external nofollow\">Kiss&#038;Fly<\/a>, en la cual puedes comprar ropa y complementos solidarios cuyos beneficios ir\u00e1n destinados para la misma causa. Y ya que estamos con complementos,\u00a0<strong>Gloria Ortiz<\/strong> ha creado este llavero de piel en edici\u00f3n especial contra el c\u00e1ncer de mama. Precio: 19 euros.<\/p>\n<p><a href=\"\/-que-le-compro-\/wp-content\/uploads\/sites\/19\/2015\/10\/cancer-llavero.jpg\"><img loading=\"lazy\" class=\"aligncenter size-full wp-image-3562\" title=\"Llavero solidario de Gloria Ortiz\" src=\"\/-que-le-compro-\/wp-content\/uploads\/sites\/19\/2015\/10\/cancer-llavero.jpg\" alt=\"Llavero solidario de Gloria Ortiz\" width=\"540\" height=\"748\" srcset=\"https:\/\/static-blogs.diariosur.es\/wp-content\/uploads\/sites\/19\/2015\/10\/cancer-llavero.jpg 540w, https:\/\/static-blogs.diariosur.es\/wp-content\/uploads\/sites\/19\/2015\/10\/cancer-llavero-217x300.jpg 217w\" sizes=\"(max-width: 540px) 100vw, 540px\" \/><\/a><\/p>\n<p>&nbsp;<\/p>\n<p>Y sobre todo donde m\u00e1s abundan los art\u00edculos solidarios es en el campo de la cosm\u00e9tica y la belleza. Por un lado, podemos encontrara en estos d\u00edas las planchas <strong>GHD<\/strong> de edici\u00f3n especial, que colaboran con la fundaci\u00f3n Fero, coloretes de <strong>Clinique<\/strong> a buen precio y que tambi\u00e9n destina una parte de los beneficios a la causa&#8230; Y esmaltes, como por ejemplo este de <strong>Essie,<\/strong> que por cada uno que venda ceder\u00e1 un euro a la asociaci\u00f3n CRIS contra el c\u00e1ncer.<\/p>\n<p><a href=\"\/-que-le-compro-\/wp-content\/uploads\/sites\/19\/2015\/10\/cancer-esmalte.jpg\"><img loading=\"lazy\" class=\"aligncenter size-full wp-image-3561\" title=\"Esmalte solidario de Essie\" src=\"\/-que-le-compro-\/wp-content\/uploads\/sites\/19\/2015\/10\/cancer-esmalte.jpg\" alt=\"Esmalte solidario de Essie\" width=\"540\" height=\"767\" srcset=\"https:\/\/static-blogs.diariosur.es\/wp-content\/uploads\/sites\/19\/2015\/10\/cancer-esmalte.jpg 540w, https:\/\/static-blogs.diariosur.es\/wp-content\/uploads\/sites\/19\/2015\/10\/cancer-esmalte-211x300.jpg 211w\" sizes=\"(max-width: 540px) 100vw, 540px\" \/><\/a><\/p>\n<p>&nbsp;<\/p>\n<p>O los besos rosas de <strong>Margaret Astor<\/strong>, marca que tambi\u00e9n aporta su granito de arena a la causa con una colecci\u00f3n de labiales para estos d\u00edas. Y para completar, <strong>Skeyndor<\/strong> lanza un pack solidario que incluye su CC Cream Age Defence SPF 30 y su labial Hydra Glam Exteme Glossy Lipstick. El pack tiene un precio de 35 euros \u00a0y con la compra del mismo la firma entregar\u00e1 dos euros para acciones vinculadas a la investigaci\u00f3n y cura del c\u00e1ncer de mama.<\/p>\n<p>Y por si no os decid\u00eds, hasta el 26 de octubre pod\u00e9is adquirir en <strong>El Corte Ingl\u00e9s<\/strong> unas tarjetas especiales de regalo que tambi\u00e9n destinar\u00e1n una parte a la lucha contra esta enfermedad.<\/p>\n<p>\u00bfA que es f\u00e1cil ayudar? \u00a1Pues ya sabes, #s\u00famatealrosa!<\/p>\n","protected":false},"excerpt":{"rendered":"<p>Como ya sabr\u00e9is, el 19 de octubre es el d\u00eda mundial contra el c\u00e1ncer de mama, y la verdad es que nos ponen muy f\u00e1cil aportar nuestro granito de arena a la causa. Porque cada vez son m\u00e1s las firmas que alrededor de esta fecha lanzan ediciones limitadas, piezas exclusivas u otras campa\u00f1as para colaborar [&hellip;]<\/p>\n","protected":false},"author":24,"featured_media":0,"comment_status":"open","ping_status":"open","sticky":false,"template":"","format":"standard","meta":[],"categories":[6,7,8],"tags":[9,846,927,1302,2810,3311,3479],"_links":{"self":[{"href":"https:\/\/blogs.diariosur.es\/-que-le-compro-\/wp-json\/wp\/v2\/posts\/3558"}],"collection":[{"href":"https:\/\/blogs.diariosur.es\/-que-le-compro-\/wp-json\/wp\/v2\/posts"}],"about":[{"href":"https:\/\/blogs.diariosur.es\/-que-le-compro-\/wp-json\/wp\/v2\/types\/post"}],"author":[{"embeddable":true,"href":"https:\/\/blogs.diariosur.es\/-que-le-compro-\/wp-json\/wp\/v2\/users\/24"}],"replies":[{"embeddable":true,"href":"https:\/\/blogs.diariosur.es\/-que-le-compro-\/wp-json\/wp\/v2\/comments?post=3558"}],"version-history":[{"count":0,"href":"https:\/\/blogs.diariosur.es\/-que-le-compro-\/wp-json\/wp\/v2\/posts\/3558\/revisions"}],"wp:attachment":[{"href":"https:\/\/blogs.diariosur.es\/-que-le-compro-\/wp-json\/wp\/v2\/media?parent=3558"}],"wp:term":[{"taxonomy":"category","embeddable":true,"href":"https:\/\/blogs.diariosur.es\/-que-le-compro-\/wp-json\/wp\/v2\/categories?post=3558"},{"taxonomy":"post_tag","embeddable":true,"href":"https:\/\/blogs.diariosur.es\/-que-le-compro-\/wp-json\/wp\/v2\/tags?post=3558"}],"curies":[{"name":"wp","href":"https:\/\/api.w.org\/{rel}","templated":true}]}}