{"id":3565,"date":"2015-10-23T12:53:28","date_gmt":"2015-10-23T10:53:28","guid":{"rendered":"http:\/\/blogs.diariosur.es\/-que-le-compro-\/?p=3565"},"modified":"2015-10-23T12:53:28","modified_gmt":"2015-10-23T10:53:28","slug":"mercadillos-malaga-octubre-showroom-firmas","status":"publish","type":"post","link":"https:\/\/blogs.diariosur.es\/-que-le-compro-\/2015\/10\/23\/mercadillos-malaga-octubre-showroom-firmas\/","title":{"rendered":"Showrooms y gastronom\u00eda en la agenda del finde"},"content":{"rendered":"<p>\u00bfPreparados para disfrutar del fin de semana? Pues si la lluvia no hace de las suyas, el pen\u00faltimo finde de octubre pinta muy pero que muy bien si os gusta ir de mercadillos, con un mont\u00f3n de citas para elegir, de distintos estilos, precios, y en diferentes ubicaciones, aunque esta vez gana de calle la capital. Os cuento:<\/p>\n<p>La ruta arrancar\u00e1 el s\u00e1bado en La Malagueta, porque una vez m\u00e1s los productores reunidos por <strong>Guadalhorce Ecol\u00f3gico<\/strong> ofrecer\u00e1n alimentos saludables de 10 a 14 horas en el Paseo de Reding, junto a la plaza de toros.<\/p>\n<p>Siguiendo en la capital, a partir de las 12 merecer\u00e1 la pena pasar por <strong>Pedregalejo<\/strong>. Siempre es un buen sitio al que ir, pero este d\u00eda se podr\u00e1 disfrutar de un showroom con varias firmas malague\u00f1as de moda y complementos como <strong>Bestie County, Momo Shop, Sea &#038; Sun, Eme Ele, Maltessa Eyewear, Decamper, Logana Tocados y Complementos y Appaloosa Complementos<\/strong>. Desde las 12 de la ma\u00f1ana. Y adem\u00e1s, hasta las cuatro de la tarde por solo diez euros tienes barra libre de cervezas, vino, mojitos y paella. Para completar, m\u00fasica en directo con DJ. En Grill &#038; Club Carnal, en la calle Bolivia. M\u00e1s no se puede pedir, \u00bfno os parece?<\/p>\n<div id=\"attachment_3567\" style=\"width: 550px\" class=\"wp-caption aligncenter\"><a href=\"\/-que-le-compro-\/wp-content\/uploads\/sites\/19\/2015\/10\/agenda-cartel.jpg\"><img aria-describedby=\"caption-attachment-3567\" loading=\"lazy\" class=\"size-full wp-image-3567\" title=\"Showroom de firmas malague\u00f1as en Carnal Grill &#038; Club, s\u00e1bado 4 \" src=\"\/-que-le-compro-\/wp-content\/uploads\/sites\/19\/2015\/10\/agenda-cartel.jpg\" alt=\"Showroom de firmas malague\u00f1as en Carnal Grill &#038; Club, s\u00e1bado 4 \" width=\"540\" height=\"621\" srcset=\"https:\/\/static-blogs.diariosur.es\/wp-content\/uploads\/sites\/19\/2015\/10\/agenda-cartel.jpg 540w, https:\/\/static-blogs.diariosur.es\/wp-content\/uploads\/sites\/19\/2015\/10\/agenda-cartel-261x300.jpg 261w\" sizes=\"(max-width: 540px) 100vw, 540px\" \/><\/a><p id=\"caption-attachment-3567\" class=\"wp-caption-text\">Showroom de firmas malague\u00f1as en Carnal Grill & Club, s\u00e1bado 4<\/p><\/div>\n<p>Y en el Centro, otra propuesta interesante que tambi\u00e9n llega acompa\u00f1ada de gastronom\u00eda. La tienda <strong>Recyclo Bike Shop<\/strong>, que acaba de cumplir su primer a\u00f1o de vida, organiza un mercadillo con brunch que comenzar\u00e1 a las 11 (y se prolongar\u00e1 hasta las seis de la tarde), pero el desayuno empieza a las 9:00. Habr\u00e1 un desayuno-bufet hasta las 12:00, y de 12:00 a 18:00 un almuerzo-bufet con todo tipo de comida.\u00a0\u00bfY qu\u00e9 va a poder encontrarse all\u00ed? Las creaciones de dise\u00f1adores como <strong>Juanita Banana, Mint Julep, Mr. Koala, PepaLoves, Siete Mares, Ngarsanz o Vintage Par\u00eds<\/strong>.Adem\u00e1s tambi\u00e9n habr\u00e1 ropa de segunda mano y vintage. Est\u00e1n en calle Marqu\u00e9s de Villafiel 4, junto al parking de Camas.<\/p>\n<p>Y para el d\u00eda 25, tambi\u00e9n mucho donde elegir. Por un lado, dos citas en <strong>Muelle Uno<\/strong>: el Mercado de Ultramar (que ya sab\u00e9is que se celebra todos los d\u00edas de 10 a 22 horas) y el Zoco, que ser\u00e1 de 11 a 18 horas si la meteorolog\u00eda no lo impide. Adem\u00e1s, al ser el \u00faltimo domingo del mes, los dos mercadillos fijos de esta fecha: el <strong>Malagueta 4 Market<\/strong> y <strong>La Plaza Merced Market<\/strong>.<\/p>\n<div id=\"attachment_3568\" style=\"width: 550px\" class=\"wp-caption aligncenter\"><a href=\"\/-que-le-compro-\/wp-content\/uploads\/sites\/19\/2015\/10\/agenda-malagueta.jpg\"><img aria-describedby=\"caption-attachment-3568\" loading=\"lazy\" class=\"size-full wp-image-3568\" title=\"Artesan\u00eda en Malagueta4Market, domingo 25 de octubre\" src=\"\/-que-le-compro-\/wp-content\/uploads\/sites\/19\/2015\/10\/agenda-malagueta.jpg\" alt=\"Artesan\u00eda en Malagueta4Market, domingo 25 de octubre\" width=\"540\" height=\"828\" srcset=\"https:\/\/static-blogs.diariosur.es\/wp-content\/uploads\/sites\/19\/2015\/10\/agenda-malagueta.jpg 540w, https:\/\/static-blogs.diariosur.es\/wp-content\/uploads\/sites\/19\/2015\/10\/agenda-malagueta-196x300.jpg 196w\" sizes=\"(max-width: 540px) 100vw, 540px\" \/><\/a><p id=\"caption-attachment-3568\" class=\"wp-caption-text\">Artesan\u00eda en Malagueta4Market, domingo 25 de octubre<\/p><\/div>\n<p>El primero tiene lugar, como ya sab\u00e9is a estas alturas, en el paseo mar\u00edtimo Ciudad de Melilla de 10 a 19 horas, y ojo porque anuncian novedades e interesantes propuestas de dise\u00f1adores locales para la nueva temporada. Y en la plaza de la Merced, adem\u00e1s de moda, artesan\u00eda, complementos y gastronom\u00eda, igual que su &#8216;vecino&#8217;, habr\u00e1 adem\u00e1s algunos detalles de Halloween, de 11 a 19 horas.<\/p>\n<p><a href=\"\/-que-le-compro-\/wp-content\/uploads\/sites\/19\/2015\/10\/agenda-galletas.jpg\"><img loading=\"lazy\" class=\"aligncenter size-full wp-image-3569\" title=\"Galletas de Halloween en La Plaza Merced Market, domingo 25\" src=\"\/-que-le-compro-\/wp-content\/uploads\/sites\/19\/2015\/10\/agenda-galletas.jpg\" alt=\"Galletas de Halloween en La Plaza Merced Market, domingo 25\" width=\"540\" height=\"406\" srcset=\"https:\/\/static-blogs.diariosur.es\/wp-content\/uploads\/sites\/19\/2015\/10\/agenda-galletas.jpg 540w, https:\/\/static-blogs.diariosur.es\/wp-content\/uploads\/sites\/19\/2015\/10\/agenda-galletas-300x226.jpg 300w\" sizes=\"(max-width: 540px) 100vw, 540px\" \/><\/a><br \/>\n\u00bfA que est\u00e1 m\u00e1s que completa la agenda de este fin de semana? Y adem\u00e1s os recuerdo que este viernes arranca la und\u00e9cima edici\u00f3n de la <strong>Feria Stock! Outlet M\u00e1laga,<\/strong> que continuar\u00e1 hasta el domingo en el Palacio de Congresos. Habr\u00e1 m\u00e1s de 200.000 art\u00edculos de primeras marcas para elegir con descuentos de hasta el 80% o m\u00e1s, seg\u00fan anuncian. <a href=\"http:\/\/www.diariosur.es\/malaga-capital\/201510\/22\/outlet-descuentos-marcas-palacio-ferias-20151022184737.html\" rel=\"external nofollow\">Os cuento m\u00e1s detalles pinchando en este enlace<\/a>.<br \/>\n\u00a1Buen fin de semana!<\/p>\n","protected":false},"excerpt":{"rendered":"<p>\u00bfPreparados para disfrutar del fin de semana? Pues si la lluvia no hace de las suyas, el pen\u00faltimo finde de octubre pinta muy pero que muy bien si os gusta ir de mercadillos, con un mont\u00f3n de citas para elegir, de distintos estilos, precios, y en diferentes ubicaciones, aunque esta vez gana de calle la [&hellip;]<\/p>\n","protected":false},"author":24,"featured_media":0,"comment_status":"open","ping_status":"open","sticky":false,"template":"","format":"standard","meta":[],"categories":[2,4,6],"tags":[425,1022,1245,1584,1789,1983,2072,2479,2531,2553,2899,3173,3328,3392,3462],"_links":{"self":[{"href":"https:\/\/blogs.diariosur.es\/-que-le-compro-\/wp-json\/wp\/v2\/posts\/3565"}],"collection":[{"href":"https:\/\/blogs.diariosur.es\/-que-le-compro-\/wp-json\/wp\/v2\/posts"}],"about":[{"href":"https:\/\/blogs.diariosur.es\/-que-le-compro-\/wp-json\/wp\/v2\/types\/post"}],"author":[{"embeddable":true,"href":"https:\/\/blogs.diariosur.es\/-que-le-compro-\/wp-json\/wp\/v2\/users\/24"}],"replies":[{"embeddable":true,"href":"https:\/\/blogs.diariosur.es\/-que-le-compro-\/wp-json\/wp\/v2\/comments?post=3565"}],"version-history":[{"count":0,"href":"https:\/\/blogs.diariosur.es\/-que-le-compro-\/wp-json\/wp\/v2\/posts\/3565\/revisions"}],"wp:attachment":[{"href":"https:\/\/blogs.diariosur.es\/-que-le-compro-\/wp-json\/wp\/v2\/media?parent=3565"}],"wp:term":[{"taxonomy":"category","embeddable":true,"href":"https:\/\/blogs.diariosur.es\/-que-le-compro-\/wp-json\/wp\/v2\/categories?post=3565"},{"taxonomy":"post_tag","embeddable":true,"href":"https:\/\/blogs.diariosur.es\/-que-le-compro-\/wp-json\/wp\/v2\/tags?post=3565"}],"curies":[{"name":"wp","href":"https:\/\/api.w.org\/{rel}","templated":true}]}}