{"id":3578,"date":"2015-10-29T19:55:32","date_gmt":"2015-10-29T18:55:32","guid":{"rendered":"http:\/\/blogs.diariosur.es\/-que-le-compro-\/?p=3578"},"modified":"2015-10-29T19:55:32","modified_gmt":"2015-10-29T18:55:32","slug":"mercadillos-puente-noviembre-malaga","status":"publish","type":"post","link":"https:\/\/blogs.diariosur.es\/-que-le-compro-\/2015\/10\/29\/mercadillos-puente-noviembre-malaga\/","title":{"rendered":"Agenda de mercadillos en M\u00e1laga en el puente del 1 de noviembre"},"content":{"rendered":"<p>Si este largo fin de semana est\u00e1is en M\u00e1laga que sep\u00e1is que la agenda de mercadillos llega con citas para todos los d\u00edas, \u00a1y ya desde este viernes! S\u00ed, porque por un lado las chicas de<strong> La habitaci\u00f3n de Kate<\/strong> vuelven a organizar uno de sus interesantes showrooms. Esta vez ser\u00e1 en El Caf\u00e9 de Bolsa, en el hotel Molina Lario (en la calle del mismo nombre, en pleno Centro) de 17.30 a 20.30 horas con mucha moda, ya que\u00a0habr\u00e1 novedades y descuentos de La habitaci\u00f3n de Kate \u00a0y una bonita selecci\u00f3n de ropa de segunda mano de Kate&#8217;s Bazaar.<\/p>\n<p>Y m\u00e1s planes, porque en el Soho -concretamente, en la calle Somera 10- en el Se\u00f1or Lobo Caf\u00e9 las chicas de <strong>Bestie County<\/strong> presentar\u00e1n su nueva colecci\u00f3n de camisetas. A partir de las seis horas, con algo de picoteo para amenizar, as\u00ed que avisad@s qued\u00e1is.<\/p>\n<div id=\"attachment_3580\" style=\"width: 550px\" class=\"wp-caption aligncenter\"><a href=\"\/-que-le-compro-\/wp-content\/uploads\/sites\/19\/2015\/10\/puente-zapatos.jpg\"><img aria-describedby=\"caption-attachment-3580\" loading=\"lazy\" class=\"size-full wp-image-3580\" title=\"Artesan\u00eda y complementos en La Plaza Merced Market\" src=\"\/-que-le-compro-\/wp-content\/uploads\/sites\/19\/2015\/10\/puente-zapatos.jpg\" alt=\"Artesan\u00eda y complementos en La Plaza Merced Market\" width=\"540\" height=\"548\" srcset=\"https:\/\/static-blogs.diariosur.es\/wp-content\/uploads\/sites\/19\/2015\/10\/puente-zapatos.jpg 540w, https:\/\/static-blogs.diariosur.es\/wp-content\/uploads\/sites\/19\/2015\/10\/puente-zapatos-296x300.jpg 296w\" sizes=\"(max-width: 540px) 100vw, 540px\" \/><\/a><p id=\"caption-attachment-3580\" class=\"wp-caption-text\">Artesan\u00eda y complementos en La Plaza Merced Market<\/p><\/div>\n<p>El <span style=\"text-decoration: underline;\">s\u00e1bado<\/span>, tambi\u00e9n por el Centro no dej\u00e9is de pasar por la plaza de la Merced, porque all\u00ed se celebrar\u00e1 de 10 a 18 horas la edici\u00f3n de <strong>La Plaza Merced Market<\/strong> que el pasado domingo tuvo que suspenderse. As\u00ed que ya sab\u00e9is, moda para toda la familia,artesan\u00eda, decoraci\u00f3n&#8230;.<\/p>\n<p>Paralelamente, en <strong>Huelin<\/strong>, de 11 a 19 edici\u00f3n especial del mercadillo de M\u00e1laga es Arte, que ten\u00eda previsto repetir el domingo pero SE HA SUSPENDIDO POR LA LLUVIA. Adem\u00e1s, os recuerdo que diariamente de 10 a 22 horas est\u00e1 el <strong>mercado de Ultramar en Muelle Uno<\/strong>, que est\u00e1 ya en su recta final. Y si busc\u00e1is planes para esta tarde-noche de Halloween, los centros comerciales organizan varias actividades dirigidas para los m\u00e1s peque\u00f1os. <a href=\"https:\/\/blogs.diariosur.es\/-que-le-compro-\/2015\/10\/28\/halloween-disfraces-malaga-fiestas-infantiles\/\">Si quer\u00e9is saber cu\u00e1les son, solo ten\u00e9is que pinchar aqu\u00ed.<\/a><\/p>\n<p><a href=\"\/-que-le-compro-\/wp-content\/uploads\/sites\/19\/2015\/10\/puente-huelin.jpg\"><img loading=\"lazy\" class=\"aligncenter size-full wp-image-3581\" title=\"Mercadillo artesanal en Huelin, con mucho Halloween\" src=\"\/-que-le-compro-\/wp-content\/uploads\/sites\/19\/2015\/10\/puente-huelin.jpg\" alt=\"Mercadillo artesanal en Huelin, con mucho Halloween\" width=\"540\" height=\"383\" srcset=\"https:\/\/static-blogs.diariosur.es\/wp-content\/uploads\/sites\/19\/2015\/10\/puente-huelin.jpg 540w, https:\/\/static-blogs.diariosur.es\/wp-content\/uploads\/sites\/19\/2015\/10\/puente-huelin-300x213.jpg 300w\" sizes=\"(max-width: 540px) 100vw, 540px\" \/><\/a><\/p>\n<p>Tambi\u00e9n el d\u00eda \u00a01, al ser el primer domingo del mes, los amantes del coleccionismo tienen una cita en<strong> La T\u00e9rmica<\/strong> (Avenida de Los Guindos, en M\u00e1laga capital) porque all\u00ed se celebra el rastro cultural &#8216;Compro, vendo, cambio&#8217;. Ser\u00e1 en los jardines de 10 a 15 horas pero si llueve se trasladar\u00eda al interior del edificio.<\/p>\n<p>Y para rematar el <span style=\"text-decoration: underline;\">lunes<\/span> dos propuestas m\u00e1s en M\u00e1laga capital. En <strong>El Palo<\/strong>, mercado artesanal en la calle Quitapenas (organizado tambi\u00e9n por M\u00e1laga es Arte) de 10 a 15 horas SE HA SUSPENDIDO POR LA LLUVIA. Y en el paseo mar\u00edtimo Ciudad de Melilla, la cita mensual del <strong>Malagueta 4 Market<\/strong>, que el pasado domingo se suspendi\u00f3 por la meteorolog\u00eda. De 10 a 18 horas. Esperemos que esta vez no tengan m\u00e1s sobresaltos y puedan reunir a \u00a0sus expositores con artesan\u00eda, complementos,moda&#8230;<\/p>\n<p>&nbsp;<\/p>\n<p>\u00a1Buen fin de semana!<\/p>\n<p>&nbsp;<\/p>\n","protected":false},"excerpt":{"rendered":"<p>Si este largo fin de semana est\u00e1is en M\u00e1laga que sep\u00e1is que la agenda de mercadillos llega con citas para todos los d\u00edas, \u00a1y ya desde este viernes! S\u00ed, porque por un lado las chicas de La habitaci\u00f3n de Kate vuelven a organizar uno de sus interesantes showrooms. Esta vez ser\u00e1 en El Caf\u00e9 de [&hellip;]<\/p>\n","protected":false},"author":24,"featured_media":0,"comment_status":"open","ping_status":"open","sticky":false,"template":"","format":"standard","meta":[],"categories":[2,4,5,7],"tags":[425,1202,1651,1878,1902,2055,2064,2202,2243,2356,2414,3124],"_links":{"self":[{"href":"https:\/\/blogs.diariosur.es\/-que-le-compro-\/wp-json\/wp\/v2\/posts\/3578"}],"collection":[{"href":"https:\/\/blogs.diariosur.es\/-que-le-compro-\/wp-json\/wp\/v2\/posts"}],"about":[{"href":"https:\/\/blogs.diariosur.es\/-que-le-compro-\/wp-json\/wp\/v2\/types\/post"}],"author":[{"embeddable":true,"href":"https:\/\/blogs.diariosur.es\/-que-le-compro-\/wp-json\/wp\/v2\/users\/24"}],"replies":[{"embeddable":true,"href":"https:\/\/blogs.diariosur.es\/-que-le-compro-\/wp-json\/wp\/v2\/comments?post=3578"}],"version-history":[{"count":0,"href":"https:\/\/blogs.diariosur.es\/-que-le-compro-\/wp-json\/wp\/v2\/posts\/3578\/revisions"}],"wp:attachment":[{"href":"https:\/\/blogs.diariosur.es\/-que-le-compro-\/wp-json\/wp\/v2\/media?parent=3578"}],"wp:term":[{"taxonomy":"category","embeddable":true,"href":"https:\/\/blogs.diariosur.es\/-que-le-compro-\/wp-json\/wp\/v2\/categories?post=3578"},{"taxonomy":"post_tag","embeddable":true,"href":"https:\/\/blogs.diariosur.es\/-que-le-compro-\/wp-json\/wp\/v2\/tags?post=3578"}],"curies":[{"name":"wp","href":"https:\/\/api.w.org\/{rel}","templated":true}]}}