{"id":3588,"date":"2015-11-05T22:50:25","date_gmt":"2015-11-05T21:50:25","guid":{"rendered":"http:\/\/blogs.diariosur.es\/-que-le-compro-\/?p=3588"},"modified":"2015-11-05T22:50:25","modified_gmt":"2015-11-05T21:50:25","slug":"disenadores-malaga-mercadillos-agenda","status":"publish","type":"post","link":"https:\/\/blogs.diariosur.es\/-que-le-compro-\/2015\/11\/05\/disenadores-malaga-mercadillos-agenda\/","title":{"rendered":"Los dise\u00f1adores locales copan la agenda de mercadillos"},"content":{"rendered":"<p>\u00bfGanas de mercadillos? Si la respuesta es s\u00ed, ya est\u00e1is tardando en apuntar todo lo que hay este fin de semana, porque es bastante.<\/p>\n<p>La ruta el s\u00e1bado arranca en el Centro, que congrega las citas del d\u00eda en M\u00e1laga capital. Concretamente, en la calle Tom\u00e1s Heredia, porque all\u00ed se va a celebrar la segunda edici\u00f3n del <strong>Made in Soho<\/strong>, de 10 a 15 horas. Para los que os perd\u00edsteis el debut, os recuerdo que en este nuevo fijo del calendario artesanal puede encontrarse moda, pintura, fotograf\u00eda, alimentaci\u00f3n y huertos urbanos, entre otras muchas cosas. Y para los m\u00e1s peques, pintacaras por parte de la artista Cristina San Juan por un precio simb\u00f3lico.<\/p>\n<div id=\"attachment_3589\" style=\"width: 550px\" class=\"wp-caption aligncenter\"><a href=\"\/-que-le-compro-\/wp-content\/uploads\/sites\/19\/2015\/11\/agenda-soho.jpg\"><img aria-describedby=\"caption-attachment-3589\" loading=\"lazy\" class=\"size-full wp-image-3589\" title=\"El s\u00e1bado 7 se celebra el II Made in Soho\" src=\"\/-que-le-compro-\/wp-content\/uploads\/sites\/19\/2015\/11\/agenda-soho.jpg\" alt=\"El s\u00e1bado 7 se celebra el II Made in Soho\" width=\"540\" height=\"294\" srcset=\"https:\/\/static-blogs.diariosur.es\/wp-content\/uploads\/sites\/19\/2015\/11\/agenda-soho.jpg 540w, https:\/\/static-blogs.diariosur.es\/wp-content\/uploads\/sites\/19\/2015\/11\/agenda-soho-300x163.jpg 300w\" sizes=\"(max-width: 540px) 100vw, 540px\" \/><\/a><p id=\"caption-attachment-3589\" class=\"wp-caption-text\">El s\u00e1bado 7 se celebra el II Made in Soho en la calle Tom\u00e1s Heredia<\/p><\/div>\n<p>Tambi\u00e9n se puede ir a Galer\u00edas Goya (calle Calderer\u00eda), donde os espera el <strong>Cacharrete Market<\/strong>, con moda, artesan\u00eda, art\u00edculos de segunda mano y nuevos dise\u00f1adores de 10 a 16 horas.<\/p>\n<p>Y tambi\u00e9n hay que ir a disfrutar del trabajo de los creadores que se reunir\u00e1n en <strong>La Casa Invisible<\/strong> (os recuerdo, se entra por la calle Andr\u00e9s P\u00e9rez 8) de 11 a 18 horas con originales complementos, accesorios y trabajos de distinto tipo.<\/p>\n<p><a href=\"\/-que-le-compro-\/wp-content\/uploads\/sites\/19\/2015\/11\/agenda-invi.jpg\"><img loading=\"lazy\" class=\"aligncenter size-full wp-image-3590\" title=\"Muestra artesanal en La Casa Invisible, s\u00e1bado 7 de noviembre\" src=\"\/-que-le-compro-\/wp-content\/uploads\/sites\/19\/2015\/11\/agenda-invi.jpg\" alt=\"Muestra artesanal en La Casa Invisible, s\u00e1bado 7 de noviembre\" width=\"540\" height=\"339\" srcset=\"https:\/\/static-blogs.diariosur.es\/wp-content\/uploads\/sites\/19\/2015\/11\/agenda-invi.jpg 540w, https:\/\/static-blogs.diariosur.es\/wp-content\/uploads\/sites\/19\/2015\/11\/agenda-invi-300x188.jpg 300w\" sizes=\"(max-width: 540px) 100vw, 540px\" \/><\/a><\/p>\n<p>La oferta del<span style=\"text-decoration: underline;\"> domingo 8\u00a0<\/span> tambi\u00e9n promete, porque adem\u00e1s incluye una propuesta solidaria. Es la de la <strong>Protectora de Animales y Plantas de M\u00e1laga<\/strong> (Camino de las Erizas, 4) que organiza una jornada de puertas abiertas que incluye un mercadillo adem\u00e1s de exhibiciones, talleres diversos, manualidades y algo para picar y beber con lo que amenizar la jornada (adem\u00e1s de m\u00fasica). Desde las 11 horas, \u00a1no se te pase!<\/p>\n<p><a href=\"\/-que-le-compro-\/wp-content\/uploads\/sites\/19\/2015\/11\/agenda-protectora.jpg\"><img loading=\"lazy\" class=\"aligncenter size-full wp-image-3591\" title=\"Jornada de puertas abiertas el domingo 8 en la Protectora de M\u00e1laga\" src=\"\/-que-le-compro-\/wp-content\/uploads\/sites\/19\/2015\/11\/agenda-protectora.jpg\" alt=\"Jornada de puertas abiertas el domingo 8 en la Protectora de M\u00e1laga\" width=\"540\" height=\"405\" srcset=\"https:\/\/static-blogs.diariosur.es\/wp-content\/uploads\/sites\/19\/2015\/11\/agenda-protectora.jpg 540w, https:\/\/static-blogs.diariosur.es\/wp-content\/uploads\/sites\/19\/2015\/11\/agenda-protectora-300x225.jpg 300w\" sizes=\"(max-width: 540px) 100vw, 540px\" \/><\/a><\/p>\n<p>Y a la misma hora pero en <strong>Muelle Uno arrancar\u00e1 el Zoco<\/strong>, con moda para toda la familia, complementos, bisuter\u00eda&#8230; Hasta las seis de la tarde.<\/p>\n<p>\u00a1Buen fin de semana!<\/p>\n","protected":false},"excerpt":{"rendered":"<p>\u00bfGanas de mercadillos? Si la respuesta es s\u00ed, ya est\u00e1is tardando en apuntar todo lo que hay este fin de semana, porque es bastante. La ruta el s\u00e1bado arranca en el Centro, que congrega las citas del d\u00eda en M\u00e1laga capital. Concretamente, en la calle Tom\u00e1s Heredia, porque all\u00ed se va a celebrar la segunda [&hellip;]<\/p>\n","protected":false},"author":24,"featured_media":0,"comment_status":"open","ping_status":"open","sticky":false,"template":"","format":"standard","meta":[],"categories":[4,6],"tags":[264,510,1517,1765,1858,2034,2209,3044,3968],"_links":{"self":[{"href":"https:\/\/blogs.diariosur.es\/-que-le-compro-\/wp-json\/wp\/v2\/posts\/3588"}],"collection":[{"href":"https:\/\/blogs.diariosur.es\/-que-le-compro-\/wp-json\/wp\/v2\/posts"}],"about":[{"href":"https:\/\/blogs.diariosur.es\/-que-le-compro-\/wp-json\/wp\/v2\/types\/post"}],"author":[{"embeddable":true,"href":"https:\/\/blogs.diariosur.es\/-que-le-compro-\/wp-json\/wp\/v2\/users\/24"}],"replies":[{"embeddable":true,"href":"https:\/\/blogs.diariosur.es\/-que-le-compro-\/wp-json\/wp\/v2\/comments?post=3588"}],"version-history":[{"count":0,"href":"https:\/\/blogs.diariosur.es\/-que-le-compro-\/wp-json\/wp\/v2\/posts\/3588\/revisions"}],"wp:attachment":[{"href":"https:\/\/blogs.diariosur.es\/-que-le-compro-\/wp-json\/wp\/v2\/media?parent=3588"}],"wp:term":[{"taxonomy":"category","embeddable":true,"href":"https:\/\/blogs.diariosur.es\/-que-le-compro-\/wp-json\/wp\/v2\/categories?post=3588"},{"taxonomy":"post_tag","embeddable":true,"href":"https:\/\/blogs.diariosur.es\/-que-le-compro-\/wp-json\/wp\/v2\/tags?post=3588"}],"curies":[{"name":"wp","href":"https:\/\/api.w.org\/{rel}","templated":true}]}}