{"id":3596,"date":"2015-11-12T23:25:23","date_gmt":"2015-11-12T22:25:23","guid":{"rendered":"http:\/\/blogs.diariosur.es\/-que-le-compro-\/?p=3596"},"modified":"2015-11-12T23:25:23","modified_gmt":"2015-11-12T22:25:23","slug":"mercadillos-malaga-noviembre-fin-semana","status":"publish","type":"post","link":"https:\/\/blogs.diariosur.es\/-que-le-compro-\/2015\/11\/12\/mercadillos-malaga-noviembre-fin-semana\/","title":{"rendered":"Navidad, aniversario y solidaridad en la agenda de mercadillos"},"content":{"rendered":"<p>\u00bfBuscando planes para este fin de semana? Pues hacedle un hueco en la agenda a los mercadillos, que son muchos y prometen los de estos d\u00edas. Las propuestas arrancan ya este jueves, en Marbella. El Palacio de Congresos de la ciudad acoge hasta el domingo el <strong>Bazar Solidario de Navidad<\/strong> a beneficio de C\u00e1ritas, que podr\u00e1 visitarse con horario ininterrumpido de 11 a 22 horas de la noche. La entrada tiene un precio simb\u00f3lico de un euro.<\/p>\n<p><a href=\"\/-que-le-compro-\/wp-content\/uploads\/sites\/19\/2015\/11\/agenda-momoshop.jpg\"><img loading=\"lazy\" class=\"aligncenter size-full wp-image-3598\" title=\"Showroom de Momo Shop, viernes 13 en el Centro\" src=\"\/-que-le-compro-\/wp-content\/uploads\/sites\/19\/2015\/11\/agenda-momoshop.jpg\" alt=\"Showroom de Momo Shop, viernes 13 en el Centro\" width=\"540\" height=\"417\" srcset=\"https:\/\/static-blogs.diariosur.es\/wp-content\/uploads\/sites\/19\/2015\/11\/agenda-momoshop.jpg 540w, https:\/\/static-blogs.diariosur.es\/wp-content\/uploads\/sites\/19\/2015\/11\/agenda-momoshop-300x232.jpg 300w\" sizes=\"(max-width: 540px) 100vw, 540px\" \/><\/a><\/p>\n<p>El <span style=\"font-size: large;\">viernes<\/span>, la tienda online de moda <strong>Momo Shop<\/strong> organiza un showroom para presentar sus novedades y celebrar su segundo aniversario. La cita ser\u00e1 en pleno Centro de M\u00e1laga (en L\u2019Experience, plaza del Obispo) desde las seis de la tarde. \u00a1Felicidades!<\/p>\n<p>Y el <span style=\"font-size: large;\">s\u00e1bado 14<\/span> no dej\u00e9is de ir al popular <strong>instituto Vicente Espinel,<\/strong> m\u00e1s conocido como Gaona al estar en la calle del mismo nombre, \u00a0porque acoge un rastro a beneficio de Interm\u00f3n Oxfam y los refugiados sirios, organizado por la firma malague\u00f1a CATs Vintage. Habr\u00e1 mucha moda y complementos, m\u00fasica y m\u00e1s de 10 a 15 horas. <a href=\"https:\/\/blogs.diariosur.es\/-que-le-compro-\/2015\/11\/11\/mercado-solidario-gaona-intermon\/\">Para saber m\u00e1s detalles, pincha aqu\u00ed.<\/a><\/p>\n<div id=\"attachment_3597\" style=\"width: 550px\" class=\"wp-caption aligncenter\"><a href=\"\/-que-le-compro-\/wp-content\/uploads\/sites\/19\/2015\/11\/agenda-rastro-gaona.jpg\"><img aria-describedby=\"caption-attachment-3597\" loading=\"lazy\" class=\"size-full wp-image-3597\" title=\"Rastro solidario en Gaona, s\u00e1bado 14\" src=\"\/-que-le-compro-\/wp-content\/uploads\/sites\/19\/2015\/11\/agenda-rastro-gaona.jpg\" alt=\"Rastro solidario en Gaona, s\u00e1bado 14\" width=\"540\" height=\"760\" srcset=\"https:\/\/static-blogs.diariosur.es\/wp-content\/uploads\/sites\/19\/2015\/11\/agenda-rastro-gaona.jpg 540w, https:\/\/static-blogs.diariosur.es\/wp-content\/uploads\/sites\/19\/2015\/11\/agenda-rastro-gaona-213x300.jpg 213w\" sizes=\"(max-width: 540px) 100vw, 540px\" \/><\/a><p id=\"caption-attachment-3597\" class=\"wp-caption-text\">El bonito cartel anunciador del rastro solidario en Gaona<\/p><\/div>\n<p>Paralelamente, de 10 a 14 horas en La Malagueta toca mercadillo de la mano de la asociaci\u00f3n <strong>Guadalhorce Ecol\u00f3gico<\/strong>, que una vez m\u00e1s reunir\u00e1 a productores locales y sus alimentos saludables. En el Paseo de Reding, junto a la plaza de toros. Y en La Cala del Moral tocar\u00eda cita al ser el segundo s\u00e1bado del mes con los dise\u00f1adores reunidos por <strong>La Cala Market<\/strong>, pero esta edici\u00f3n se aplaza al mes que viene, cuando estrenar\u00e1n ubicaci\u00f3n, as\u00ed que avisados qued\u00e1is.<\/p>\n<p>Y el<span style=\"font-size: large;\"> domingo<\/span>, despu\u00e9s de tener que suspenderse la \u00faltima vez por la lluvia, vuelve el <strong>mercadillo artesanal a la calle Quitapenas<\/strong> organizado por M\u00e1laga es Arte. Se celebra de 10 a 15 horas y os aviso de que a las 12.30 habr\u00e1 una clase de zumba gratis de una hora. En <strong>Muelle Uno<\/strong>, si el tiempo no lo impide, intentar\u00e1n volver a hacer su Zoco de 11 a 18 horas. Y os recuerdo que es el \u00faltimo d\u00eda para visitar el Bazar Solidario de Marbella.<\/p>\n<p>\u00a1Buen fin de semana!<\/p>\n","protected":false},"excerpt":{"rendered":"<p>\u00bfBuscando planes para este fin de semana? Pues hacedle un hueco en la agenda a los mercadillos, que son muchos y prometen los de estos d\u00edas. Las propuestas arrancan ya este jueves, en Marbella. El Palacio de Congresos de la ciudad acoge hasta el domingo el Bazar Solidario de Navidad a beneficio de C\u00e1ritas, que [&hellip;]<\/p>\n","protected":false},"author":24,"featured_media":0,"comment_status":"open","ping_status":"open","sticky":false,"template":"","format":"standard","meta":[],"categories":[4,6,7],"tags":[207,390,674,1584,1729,2055,2531,2797,3126,3384],"_links":{"self":[{"href":"https:\/\/blogs.diariosur.es\/-que-le-compro-\/wp-json\/wp\/v2\/posts\/3596"}],"collection":[{"href":"https:\/\/blogs.diariosur.es\/-que-le-compro-\/wp-json\/wp\/v2\/posts"}],"about":[{"href":"https:\/\/blogs.diariosur.es\/-que-le-compro-\/wp-json\/wp\/v2\/types\/post"}],"author":[{"embeddable":true,"href":"https:\/\/blogs.diariosur.es\/-que-le-compro-\/wp-json\/wp\/v2\/users\/24"}],"replies":[{"embeddable":true,"href":"https:\/\/blogs.diariosur.es\/-que-le-compro-\/wp-json\/wp\/v2\/comments?post=3596"}],"version-history":[{"count":0,"href":"https:\/\/blogs.diariosur.es\/-que-le-compro-\/wp-json\/wp\/v2\/posts\/3596\/revisions"}],"wp:attachment":[{"href":"https:\/\/blogs.diariosur.es\/-que-le-compro-\/wp-json\/wp\/v2\/media?parent=3596"}],"wp:term":[{"taxonomy":"category","embeddable":true,"href":"https:\/\/blogs.diariosur.es\/-que-le-compro-\/wp-json\/wp\/v2\/categories?post=3596"},{"taxonomy":"post_tag","embeddable":true,"href":"https:\/\/blogs.diariosur.es\/-que-le-compro-\/wp-json\/wp\/v2\/tags?post=3596"}],"curies":[{"name":"wp","href":"https:\/\/api.w.org\/{rel}","templated":true}]}}