{"id":3606,"date":"2015-11-18T21:32:38","date_gmt":"2015-11-18T20:32:38","guid":{"rendered":"http:\/\/blogs.diariosur.es\/-que-le-compro-\/?p=3606"},"modified":"2015-11-18T21:32:38","modified_gmt":"2015-11-18T20:32:38","slug":"parfois-tienda-malaga-factory","status":"publish","type":"post","link":"https:\/\/blogs.diariosur.es\/-que-le-compro-\/2015\/11\/18\/parfois-tienda-malaga-factory\/","title":{"rendered":"Parfois abre tienda en el Factory Outlet M\u00e1laga"},"content":{"rendered":"<p><strong>Parfois<\/strong> suma y sigue. En los \u00faltimos meses la firma se ha hecho fuerte en M\u00e1laga, y su expansi\u00f3n ha llegado tambi\u00e9n al \u00a0<strong>Factory Outlet M\u00e1laga<\/strong>, ubicado en el Parque Comercial M\u00e1laga Nostrum, donde recientemente ha abierto una tienda.<\/p>\n<p>En este local, la firma de accesorios de moda femeninos contar\u00e1 con un amplio espacio en el que ofrecer\u00e1 su cat\u00e1logo de complementos femeninos de calidad con descuentos de hasta un 70% durante todo el a\u00f1o. En la actualidad, cuenta con centros de dise\u00f1o propio en Barcelona y Oporto y con casi 600 tiendas en 50 pa\u00edses.<\/p>\n<div id=\"attachment_3607\" style=\"width: 550px\" class=\"wp-caption aligncenter\"><a href=\"\/-que-le-compro-\/wp-content\/uploads\/sites\/19\/2015\/11\/parfois-factory.jpg\"><img aria-describedby=\"caption-attachment-3607\" loading=\"lazy\" class=\"size-full wp-image-3607\" title=\"Interior de la nueva tienda de Parfois\" src=\"\/-que-le-compro-\/wp-content\/uploads\/sites\/19\/2015\/11\/parfois-factory.jpg\" alt=\"Interior de la nueva tienda de Parfois\" width=\"540\" height=\"405\" srcset=\"https:\/\/static-blogs.diariosur.es\/wp-content\/uploads\/sites\/19\/2015\/11\/parfois-factory.jpg 540w, https:\/\/static-blogs.diariosur.es\/wp-content\/uploads\/sites\/19\/2015\/11\/parfois-factory-300x225.jpg 300w\" sizes=\"(max-width: 540px) 100vw, 540px\" \/><\/a><p id=\"caption-attachment-3607\" class=\"wp-caption-text\">Interior de la nueva tienda de Parfois<\/p><\/div>\n<p>En M\u00e1laga, pueden encontrarse tambi\u00e9n locales de esta firma en M\u00e1laga capital en Vialia-Estaci\u00f3n Mar\u00eda Zambrano, Plaza Mayor, El Corte Ingl\u00e9s (Avenida de Andaluc\u00eda), el aeropuerto y en el Larios Centro.<\/p>\n","protected":false},"excerpt":{"rendered":"<p>Parfois suma y sigue. En los \u00faltimos meses la firma se ha hecho fuerte en M\u00e1laga, y su expansi\u00f3n ha llegado tambi\u00e9n al \u00a0Factory Outlet M\u00e1laga, ubicado en el Parque Comercial M\u00e1laga Nostrum, donde recientemente ha abierto una tienda. En este local, la firma de accesorios de moda femeninos contar\u00e1 con un amplio espacio en [&hellip;]<\/p>\n","protected":false},"author":24,"featured_media":0,"comment_status":"open","ping_status":"open","sticky":false,"template":"","format":"standard","meta":[],"categories":[2,7],"tags":[1341,1937,2058,2820,2821,2967,3730,3875],"_links":{"self":[{"href":"https:\/\/blogs.diariosur.es\/-que-le-compro-\/wp-json\/wp\/v2\/posts\/3606"}],"collection":[{"href":"https:\/\/blogs.diariosur.es\/-que-le-compro-\/wp-json\/wp\/v2\/posts"}],"about":[{"href":"https:\/\/blogs.diariosur.es\/-que-le-compro-\/wp-json\/wp\/v2\/types\/post"}],"author":[{"embeddable":true,"href":"https:\/\/blogs.diariosur.es\/-que-le-compro-\/wp-json\/wp\/v2\/users\/24"}],"replies":[{"embeddable":true,"href":"https:\/\/blogs.diariosur.es\/-que-le-compro-\/wp-json\/wp\/v2\/comments?post=3606"}],"version-history":[{"count":0,"href":"https:\/\/blogs.diariosur.es\/-que-le-compro-\/wp-json\/wp\/v2\/posts\/3606\/revisions"}],"wp:attachment":[{"href":"https:\/\/blogs.diariosur.es\/-que-le-compro-\/wp-json\/wp\/v2\/media?parent=3606"}],"wp:term":[{"taxonomy":"category","embeddable":true,"href":"https:\/\/blogs.diariosur.es\/-que-le-compro-\/wp-json\/wp\/v2\/categories?post=3606"},{"taxonomy":"post_tag","embeddable":true,"href":"https:\/\/blogs.diariosur.es\/-que-le-compro-\/wp-json\/wp\/v2\/tags?post=3606"}],"curies":[{"name":"wp","href":"https:\/\/api.w.org\/{rel}","templated":true}]}}