{"id":3608,"date":"2015-11-20T20:34:10","date_gmt":"2015-11-20T19:34:10","guid":{"rendered":"http:\/\/blogs.diariosur.es\/-que-le-compro-\/?p=3608"},"modified":"2015-11-20T20:34:10","modified_gmt":"2015-11-20T19:34:10","slug":"mercadillos-malaga-noviembre-agenda","status":"publish","type":"post","link":"https:\/\/blogs.diariosur.es\/-que-le-compro-\/2015\/11\/20\/mercadillos-malaga-noviembre-agenda\/","title":{"rendered":"Artesan\u00eda, outlet y m\u00e1s en los mercadillos del finde"},"content":{"rendered":"<p>Dicen que este fin de semana bajan las temperaturas de forma general, as\u00ed que ya es momento de sacar los abrigos, bufandas y guantes pero nada de quedarse en casa, que llegan unos d\u00edas con una agenda de mercadillos que seguro merecer\u00e1 la pena visitar.<\/p>\n<p>Para empezar, este s\u00e1bado toca ir a la calle Andr\u00e9s P\u00e9rez (n\u00famero 8) desde donde se entra al patio de La <strong>Casa Invisible,<\/strong> que acoge la muestra artesanal habitual del tercer s\u00e1bado del mes de los Artesanxs Invisibles. \u00a0La cita es de 11 a 18 horas, con entrada gratuita.\u00a0En esta ocasi\u00f3n, se podr\u00e1 ver los trabajos de estos creadores:<\/p>\n<p>&#8211; Artesan\u00eda Arkoc Poyatos (Inma Saqqara).<br \/>\n&#8211; MayteyRocio Cosas Artesanales (Mayte Martin Molin).<br \/>\n&#8211; Telaranna Artesania.<br \/>\n&#8211; Quilling M\u00e1laga (Elena Carvajal).<br \/>\n&#8211; Cer\u00e1mica Art\u00edstica Tierra Viva (Marta Perez).<br \/>\n&#8211; Rocknfreak.<br \/>\n&#8211; Reflejos de Gaia (Lorena Bolsas Voladoras).<br \/>\n&#8211; Reciclados Creativos de la Levita (Margarita S\u00e1nchez \u00c1lvarez).<br \/>\n&#8211; NU-DE (Cristina Fernandez Trivi\u00f1o).<br \/>\n&#8211; Cristina Campos.<br \/>\n&#8211; Rosario Bautista.<\/p>\n<p>&nbsp;<\/p>\n<p>Tambi\u00e9n este s\u00e1bado destaca la cita de la <strong>Biblioteca de Arroyo de la Miel<\/strong> (Benalm\u00e1dena), que acoge un mercadillo de libros de segunda mano cuya recaudaci\u00f3n\u00a0se destinar\u00e1 \u00edntegramente a la Fundaci\u00f3n Cudeca, centro que se dedica a los cuidados paliativos de enfermos de c\u00e1ncer en fase no curativa. De 10 a 14 horas puede disfrutarse de esta iniciativa (Camino del Prado 6) , la entrada es libre, y podr\u00e1n encontrarse obras desde s\u00f3lo 50 c\u00e9ntimos para todos los p\u00fablicos y en varios idiomas. Todos los documentos expuestos para la venta proceden de donaciones de particulares.<\/p>\n<div id=\"attachment_3609\" style=\"width: 550px\" class=\"wp-caption aligncenter\"><a href=\"\/-que-le-compro-\/wp-content\/uploads\/sites\/19\/2015\/11\/agenda-biblioteca.jpg\"><img aria-describedby=\"caption-attachment-3609\" loading=\"lazy\" class=\"size-full wp-image-3609\" title=\"Mercadillo solidario en la biblioteca de Arroyo de la Miel\" src=\"\/-que-le-compro-\/wp-content\/uploads\/sites\/19\/2015\/11\/agenda-biblioteca.jpg\" alt=\"Mercadillo solidario en la biblioteca de Arroyo de la Miel\" width=\"540\" height=\"650\" srcset=\"https:\/\/static-blogs.diariosur.es\/wp-content\/uploads\/sites\/19\/2015\/11\/agenda-biblioteca.jpg 540w, https:\/\/static-blogs.diariosur.es\/wp-content\/uploads\/sites\/19\/2015\/11\/agenda-biblioteca-249x300.jpg 249w\" sizes=\"(max-width: 540px) 100vw, 540px\" \/><\/a><p id=\"caption-attachment-3609\" class=\"wp-caption-text\">Mercadillo solidario en la biblioteca de Arroyo de la Miel<\/p><\/div>\n<p>Otra cita, ahora en Ronda, que vive hasta el domingo su primera <strong>Feria Outlet<\/strong>\u00a0en el domingo, concretamente en el Paseo de Blas Infante, donde diversos comercios de la ciudad ofrecer\u00e1n descuentos de sus art\u00edculos durante todo el d\u00eda.<\/p>\n<p>Y ojo que el domingo, d\u00eda 22, llega de lo m\u00e1s fuerte: ni m\u00e1s ni menos que cuatro propuestas en M\u00e1laga capital. Por un lado, el <strong>Malagueta 4 Market<\/strong>, que de 10 a 18 horas reunir\u00e1 en el paseo mar\u00edtimo Ciudad de Melilla, entre Antonio Mart\u00edn y el Real Club Mediterr\u00e1neo.<\/p>\n<div id=\"attachment_3610\" style=\"width: 550px\" class=\"wp-caption aligncenter\"><a href=\"\/-que-le-compro-\/wp-content\/uploads\/sites\/19\/2015\/11\/agenda-malagueta.jpg\"><img aria-describedby=\"caption-attachment-3610\" loading=\"lazy\" class=\"size-full wp-image-3610\" title=\"Creaciones de Elena de la O, el domingo en el Malagueta 4 Market\" src=\"\/-que-le-compro-\/wp-content\/uploads\/sites\/19\/2015\/11\/agenda-malagueta.jpg\" alt=\"Creaciones de Elena de la O, el domingo en el Malagueta 4 Market\" width=\"540\" height=\"375\" srcset=\"https:\/\/static-blogs.diariosur.es\/wp-content\/uploads\/sites\/19\/2015\/11\/agenda-malagueta.jpg 540w, https:\/\/static-blogs.diariosur.es\/wp-content\/uploads\/sites\/19\/2015\/11\/agenda-malagueta-300x208.jpg 300w\" sizes=\"(max-width: 540px) 100vw, 540px\" \/><\/a><p id=\"caption-attachment-3610\" class=\"wp-caption-text\">Creaciones de Elena de la O, el domingo en el Malagueta 4 Market<\/p><\/div>\n<p>El mismo horario, pero en la plaza de la Merced, podr\u00e1 disfrutarse de <strong>La Plaza Merced Market<\/strong>, tambi\u00e9n con moda para toda la familia, artesan\u00eda, decoraci\u00f3n y reposter\u00eda, entre otras sorpresas. Y para completar el domingo, en <strong>Muelle Uno<\/strong> de 11 a 18 horas triple propuesta: el Zoco y el Peque\u00f1o Mercado, de 11 a 18 horas, junto al Mercado de Ultramar, que se ha ampliado su duraci\u00f3n inicialmente anunciada y puede visitarse cada d\u00eda de 10 a 22 horas en la plaza principal de este recinto.<\/p>\n<p>\u00a1Buen fin de semana!<\/p>\n<p>&nbsp;<\/p>\n<p>&nbsp;<\/p>\n<p>&nbsp;<\/p>\n","protected":false},"excerpt":{"rendered":"<p>Dicen que este fin de semana bajan las temperaturas de forma general, as\u00ed que ya es momento de sacar los abrigos, bufandas y guantes pero nada de quedarse en casa, que llegan unos d\u00edas con una agenda de mercadillos que seguro merecer\u00e1 la pena visitar. Para empezar, este s\u00e1bado toca ir a la calle Andr\u00e9s [&hellip;]<\/p>\n","protected":false},"author":24,"featured_media":0,"comment_status":"open","ping_status":"open","sticky":false,"template":"","format":"standard","meta":[],"categories":[4,6],"tags":[427,1902,2064,2315,2413,2906,3968],"_links":{"self":[{"href":"https:\/\/blogs.diariosur.es\/-que-le-compro-\/wp-json\/wp\/v2\/posts\/3608"}],"collection":[{"href":"https:\/\/blogs.diariosur.es\/-que-le-compro-\/wp-json\/wp\/v2\/posts"}],"about":[{"href":"https:\/\/blogs.diariosur.es\/-que-le-compro-\/wp-json\/wp\/v2\/types\/post"}],"author":[{"embeddable":true,"href":"https:\/\/blogs.diariosur.es\/-que-le-compro-\/wp-json\/wp\/v2\/users\/24"}],"replies":[{"embeddable":true,"href":"https:\/\/blogs.diariosur.es\/-que-le-compro-\/wp-json\/wp\/v2\/comments?post=3608"}],"version-history":[{"count":0,"href":"https:\/\/blogs.diariosur.es\/-que-le-compro-\/wp-json\/wp\/v2\/posts\/3608\/revisions"}],"wp:attachment":[{"href":"https:\/\/blogs.diariosur.es\/-que-le-compro-\/wp-json\/wp\/v2\/media?parent=3608"}],"wp:term":[{"taxonomy":"category","embeddable":true,"href":"https:\/\/blogs.diariosur.es\/-que-le-compro-\/wp-json\/wp\/v2\/categories?post=3608"},{"taxonomy":"post_tag","embeddable":true,"href":"https:\/\/blogs.diariosur.es\/-que-le-compro-\/wp-json\/wp\/v2\/tags?post=3608"}],"curies":[{"name":"wp","href":"https:\/\/api.w.org\/{rel}","templated":true}]}}