{"id":3622,"date":"2015-11-27T13:18:21","date_gmt":"2015-11-27T12:18:21","guid":{"rendered":"http:\/\/blogs.diariosur.es\/-que-le-compro-\/?p=3622"},"modified":"2015-11-27T13:18:21","modified_gmt":"2015-11-27T12:18:21","slug":"ofertas-tiendas-bat-friday-malaga","status":"publish","type":"post","link":"https:\/\/blogs.diariosur.es\/-que-le-compro-\/2015\/11\/27\/ofertas-tiendas-bat-friday-malaga\/","title":{"rendered":"El Black Friday dura dos d\u00edas en el Centro de M\u00e1laga con el Bat Friday"},"content":{"rendered":"<p>Con permiso de la inauguraci\u00f3n del alumbrado de Navidad, las compras son este fin de semana protagonistas en M\u00e1laga. Porque se celebra, como ya seguro que sabr\u00e9is a estas alturas, el <strong>Black Friday<\/strong>: o lo que es lo mismo, descuentos durante un d\u00eda (o m\u00e1s) para arrancar de modo &#8216;oficial&#8217; la temporada de compras para las pr\u00f3ximas fiestas. Son muchas las franquicias que se suman a esta iniciativa, <a href=\"http:\/\/www.diariosur.es\/malaga\/201511\/25\/descuentos-ofrecen-principales-tiendas-20151125124927.html\" rel=\"external nofollow\">si quer\u00e9is recordar cu\u00e1les son, solo ten\u00e9is que pinchar aqu\u00ed.\u00a0<\/a>\u00a0A ellas se suman un buen n\u00famero de tiendas locales, como por ejemplo<strong> Koketa<\/strong> (calles Nueva y Ayala), que ofrece este viernes y s\u00e1bado un 15% en sus art\u00edculos;\u00a0<strong>Oportunidades M\u00e1laga<\/strong> (Huelin), con un 3o% en productos seleccionados; <strong>Rocky Horror Baby<\/strong> (web), con un 30% en su divertida ropa infantil; <strong>Desigual<\/strong>, tambi\u00e9n con un 30% este fin de semana, igual que <strong>Mango<\/strong>; \u00a0<strong>Muebles Bandera Vivar<\/strong>, que celebra el D\u00eda sin IVA este viernes y s\u00e1bado, o <strong>Garde Electrodom\u00e9sticos<\/strong>, que tambi\u00e9n estos d\u00edas 27 y 28 oferta un 16% en sus art\u00edculos en sus tiendas de M\u00e1laga, Rinc\u00f3n de la Victoria y \u00a0San Pedro de Alc\u00e1ntara. Y si busc\u00e1is ofertas en perfumer\u00eda, en <strong>Primor<\/strong> este viernes ofrecen un 40% de promoci\u00f3n en la cosm\u00e9tica y fragancias de alta gama, a excepci\u00f3n de Chanel y Dior.<\/p>\n<p>En el Centro de la capital a todo esto se suma la campa\u00f1a organizada por la <strong>Asociaci\u00f3n Centro Hist\u00f3rico de M\u00e1laga<\/strong>, que por tercer a\u00f1o consecutivo organiza su Bat Friday o Noche del Murci\u00e9lago. Los comercios participantes superan el centenar, y tanto este viernes como el s\u00e1bado ofrecer\u00e1n importantes descuentos en sus tiendas. Adem\u00e1s, los que compren alguno de los dos d\u00edas de esta iniciativa pueden ganar una cesta de productos donados por los comerciantes que se sortear\u00e1 el pr\u00f3ximo 4 de diciembre. Para participar solo tienes que rellenar la tarjeta que encontrar\u00e1s en los locales y dejarla en la urna o espacio habilitado para el caso junto al resguardo de compra.<\/p>\n<p>Este es el listado de los establecimientos que participan en el <strong>Bat Friday 2015<\/strong>, que podr\u00e9is encontrar tambi\u00e9n en los autobuses de la EMT y a\u00fan m\u00e1s actualizado en la <a href=\"https:\/\/www.facebook.com\/centrohistoricomalaga\" rel=\"external nofollow\">p\u00e1gina de Facebook de la Asociaci\u00f3n Centro Hist\u00f3rico.<\/a><\/p>\n<p><a href=\"\/-que-le-compro-\/wp-content\/uploads\/sites\/19\/2015\/11\/tiendas-bat-friday.jpg\"><img loading=\"lazy\" class=\"aligncenter size-full wp-image-3623\" title=\"Participantes en el Bat Friday 2015 en M\u00e1laga\" src=\"\/-que-le-compro-\/wp-content\/uploads\/sites\/19\/2015\/11\/tiendas-bat-friday.jpg\" alt=\"Participantes en el Bat Friday 2015 en M\u00e1laga\" width=\"540\" height=\"376\" srcset=\"https:\/\/static-blogs.diariosur.es\/wp-content\/uploads\/sites\/19\/2015\/11\/tiendas-bat-friday.jpg 540w, https:\/\/static-blogs.diariosur.es\/wp-content\/uploads\/sites\/19\/2015\/11\/tiendas-bat-friday-300x209.jpg 300w\" sizes=\"(max-width: 540px) 100vw, 540px\" \/><\/a><\/p>\n<p>&nbsp;<\/p>\n<p>\u00a1A disfrutar de las ofertas!<\/p>\n<p>&nbsp;<\/p>\n","protected":false},"excerpt":{"rendered":"<p>Con permiso de la inauguraci\u00f3n del alumbrado de Navidad, las compras son este fin de semana protagonistas en M\u00e1laga. Porque se celebra, como ya seguro que sabr\u00e9is a estas alturas, el Black Friday: o lo que es lo mismo, descuentos durante un d\u00eda (o m\u00e1s) para arrancar de modo &#8216;oficial&#8217; la temporada de compras para [&hellip;]<\/p>\n","protected":false},"author":24,"featured_media":0,"comment_status":"open","ping_status":"open","sticky":false,"template":"","format":"standard","meta":[],"categories":[2,6,7,8],"tags":[296,385,444,2647,2721,3147],"_links":{"self":[{"href":"https:\/\/blogs.diariosur.es\/-que-le-compro-\/wp-json\/wp\/v2\/posts\/3622"}],"collection":[{"href":"https:\/\/blogs.diariosur.es\/-que-le-compro-\/wp-json\/wp\/v2\/posts"}],"about":[{"href":"https:\/\/blogs.diariosur.es\/-que-le-compro-\/wp-json\/wp\/v2\/types\/post"}],"author":[{"embeddable":true,"href":"https:\/\/blogs.diariosur.es\/-que-le-compro-\/wp-json\/wp\/v2\/users\/24"}],"replies":[{"embeddable":true,"href":"https:\/\/blogs.diariosur.es\/-que-le-compro-\/wp-json\/wp\/v2\/comments?post=3622"}],"version-history":[{"count":0,"href":"https:\/\/blogs.diariosur.es\/-que-le-compro-\/wp-json\/wp\/v2\/posts\/3622\/revisions"}],"wp:attachment":[{"href":"https:\/\/blogs.diariosur.es\/-que-le-compro-\/wp-json\/wp\/v2\/media?parent=3622"}],"wp:term":[{"taxonomy":"category","embeddable":true,"href":"https:\/\/blogs.diariosur.es\/-que-le-compro-\/wp-json\/wp\/v2\/categories?post=3622"},{"taxonomy":"post_tag","embeddable":true,"href":"https:\/\/blogs.diariosur.es\/-que-le-compro-\/wp-json\/wp\/v2\/tags?post=3622"}],"curies":[{"name":"wp","href":"https:\/\/api.w.org\/{rel}","templated":true}]}}