{"id":3625,"date":"2015-11-27T17:14:18","date_gmt":"2015-11-27T16:14:18","guid":{"rendered":"http:\/\/blogs.diariosur.es\/-que-le-compro-\/?p=3625"},"modified":"2015-11-27T17:14:18","modified_gmt":"2015-11-27T16:14:18","slug":"mercadillos-navidad-malaga-noviembre","status":"publish","type":"post","link":"https:\/\/blogs.diariosur.es\/-que-le-compro-\/2015\/11\/27\/mercadillos-navidad-malaga-noviembre\/","title":{"rendered":"La Navidad llega a los \u00faltimos mercadillos de noviembre"},"content":{"rendered":"<p>Este fin de semana vamos a poder disfrutar de un mont\u00f3n de promociones con el <strong><a href=\"http:\/\/www.diariosur.es\/malaga\/201511\/25\/descuentos-ofrecen-principales-tiendas-20151125124927.html\" rel=\"external nofollow\">Black Friday<\/a><\/strong>, que adem\u00e1s en el Centro de M\u00e1laga coincide con el <strong><a href=\"https:\/\/blogs.diariosur.es\/-que-le-compro-\/2015\/11\/27\/ofertas-tiendas-bat-friday-malaga\/\">Bat Friday<\/a><\/strong>, que sep\u00e1is que tambi\u00e9n hay una interesante lista de mercadillos: \u00a1la agenda no para!<\/p>\n<p>Para empezar, coincidiendo con la inauguraci\u00f3n del alumbrado navide\u00f1o, este viernes se estrena tambi\u00e9n en el Paseo del Parque los tradicionales puestos de Reyes, que este a\u00f1o se han bautizado en conjunto como <strong>Mercado Navide\u00f1o<\/strong> y que podr\u00e1n visitarse, como suele ser habitual, hasta el 7 de enero. Habitualmente abr\u00edan en el puente de diciembre pero este a\u00f1o han adelantado ligeramente la fecha, as\u00ed que este fin de semana, y a partir de ahora cada d\u00eda, ya los ten\u00e9is donde siempre.<\/p>\n<p>Este s\u00e1bado la <strong>Escuela Internacional Waldorf-Steiner El Farol<\/strong> (Cerrado de Calder\u00f3n) celebra su tradicional mercadillo de Navidad. En el habr\u00e1 actividades creativas para ni\u00f1os, charla pedag\u00f3gica, teatrillo, actuaciones musicales excepcionales, comida elaborada por los padres de la escuela, y nuestros puestecillos con una amplia selecci\u00f3n de juguetes y regalos de calidad hechos a mano por padres y maestras de la escuela para ni\u00f1os y adultos, adem\u00e1s de juguetes y materiales de pedagog\u00eda waldorf. \u00bfA que pinta muy bien? Pues ya sab\u00e9is, en la calle Liebre n\u00famero 2 , de 11 a 18 horas, la entrada es gratuita.<\/p>\n<p><a href=\"\/-que-le-compro-\/wp-content\/uploads\/sites\/19\/2015\/11\/agenda-elfarol.jpg\"><img loading=\"lazy\" class=\"aligncenter size-full wp-image-3626\" title=\"Mercadillo de Navidad en El Farol, s\u00e1bado 27 de noviembre\" src=\"\/-que-le-compro-\/wp-content\/uploads\/sites\/19\/2015\/11\/agenda-elfarol.jpg\" alt=\"Mercadillo de Navidad en El Farol, s\u00e1bado 27 de noviembre\" width=\"540\" height=\"746\" srcset=\"https:\/\/static-blogs.diariosur.es\/wp-content\/uploads\/sites\/19\/2015\/11\/agenda-elfarol.jpg 540w, https:\/\/static-blogs.diariosur.es\/wp-content\/uploads\/sites\/19\/2015\/11\/agenda-elfarol-217x300.jpg 217w\" sizes=\"(max-width: 540px) 100vw, 540px\" \/><\/a><\/p>\n<p>Y tambi\u00e9n desde las 11 de la ma\u00f1ana, en el <strong>Parque Huelin<\/strong> cita con los alimentos m\u00e1s saludables de la mano de la asociaci\u00f3n Guadalhorce Ecol\u00f3gico, que de 11 a 14 horas reunir\u00e1 una vez m\u00e1s a productores locales que vender\u00e1n sus productos, entre los que se puede encontrar frutas, verduras, quesos, mieles&#8230; Junto al lago de este gran pulm\u00f3n verde de la capital.<\/p>\n<p><a href=\"\/-que-le-compro-\/wp-content\/uploads\/sites\/19\/2015\/11\/agenda-laconcepcion.jpg\"><img loading=\"lazy\" class=\"aligncenter size-full wp-image-3628\" title=\"La Concepci\u00f3n Christmas Market, domingo 28 de noviembre\" src=\"\/-que-le-compro-\/wp-content\/uploads\/sites\/19\/2015\/11\/agenda-laconcepcion.jpg\" alt=\"La Concepci\u00f3n Christmas Market, domingo 28 de noviembr\" width=\"540\" height=\"764\" srcset=\"https:\/\/static-blogs.diariosur.es\/wp-content\/uploads\/sites\/19\/2015\/11\/agenda-laconcepcion.jpg 540w, https:\/\/static-blogs.diariosur.es\/wp-content\/uploads\/sites\/19\/2015\/11\/agenda-laconcepcion-212x300.jpg 212w\" sizes=\"(max-width: 540px) 100vw, 540px\" \/><\/a><\/p>\n<p>Para el domingo, como ya falta menos de un mes para la Navidad, dos propuestas pensando en las pr\u00f3ximas fiestas. Una es nueva: <strong>La Concepci\u00f3n Christimas Market.<\/strong> Ser\u00e1 de 9.30 a 16.30 y tendr\u00e1 lugar dentro del Jard\u00edn Bot\u00e1nico de La Concepci\u00f3n, al que se podr\u00e1 acceder de manera gratuita este d\u00eda (aunque para realizar los recorridos guiados habr\u00e1 que abonar un euro). En este mercadillos habr\u00e1 moda, complementos, art\u00edculos handmade, adornos navide\u00f1os, vintage&#8230; Tambi\u00e9n productos locales t\u00edpicamente navide\u00f1os, as\u00ed como productos gourmet y de reposter\u00eda creativa junto a &#8216;food trucks&#8217; en los que reponer fuerzas.<\/p>\n<p>Y en <strong>Muelle Uno, Zoco especial navide\u00f1o<\/strong> de 11 a 18 horas con moda, art\u00edculos de decoraci\u00f3n, complementos y mucho m\u00e1s.<\/p>\n<p><a href=\"\/-que-le-compro-\/wp-content\/uploads\/sites\/19\/2015\/11\/agenda-zoco.jpg\"><img loading=\"lazy\" class=\"aligncenter size-full wp-image-3629\" title=\"Zoco Navidad en Muelle Uno, domingo 29 de noviembre\" src=\"\/-que-le-compro-\/wp-content\/uploads\/sites\/19\/2015\/11\/agenda-zoco.jpg\" alt=\"Zoco Navidad en Muelle Uno, domingo 29 de noviembre\" width=\"540\" height=\"418\" srcset=\"https:\/\/static-blogs.diariosur.es\/wp-content\/uploads\/sites\/19\/2015\/11\/agenda-zoco.jpg 540w, https:\/\/static-blogs.diariosur.es\/wp-content\/uploads\/sites\/19\/2015\/11\/agenda-zoco-300x232.jpg 300w\" sizes=\"(max-width: 540px) 100vw, 540px\" \/><\/a><\/p>\n<p>Y si os gusta el <strong>queso<\/strong>, este fin de semana en M\u00e1laga tenemos tres citas para los amantes de este peque\u00f1o manjar. <a href=\"http:\/\/www.malagaenlamesa.com\/noticias\/201511\/23\/tres-citas-para-amantes-20151123190015.html\" rel=\"external nofollow\">Para saber d\u00f3nde y cu\u00e1ndo, pincha aqu\u00ed.<\/a><\/p>\n<p>\u00a1Buen fin de semana!<\/p>\n<p>&nbsp;<\/p>\n","protected":false},"excerpt":{"rendered":"<p>Este fin de semana vamos a poder disfrutar de un mont\u00f3n de promociones con el Black Friday, que adem\u00e1s en el Centro de M\u00e1laga coincide con el Bat Friday, que sep\u00e1is que tambi\u00e9n hay una interesante lista de mercadillos: \u00a1la agenda no para! Para empezar, coincidiendo con la inauguraci\u00f3n del alumbrado navide\u00f1o, este viernes se [&hellip;]<\/p>\n","protected":false},"author":24,"featured_media":0,"comment_status":"open","ping_status":"open","sticky":false,"template":"","format":"standard","meta":[],"categories":[4,5],"tags":[1286,1584,1704,1749,1863,1864,2229,2442,2453,3968],"_links":{"self":[{"href":"https:\/\/blogs.diariosur.es\/-que-le-compro-\/wp-json\/wp\/v2\/posts\/3625"}],"collection":[{"href":"https:\/\/blogs.diariosur.es\/-que-le-compro-\/wp-json\/wp\/v2\/posts"}],"about":[{"href":"https:\/\/blogs.diariosur.es\/-que-le-compro-\/wp-json\/wp\/v2\/types\/post"}],"author":[{"embeddable":true,"href":"https:\/\/blogs.diariosur.es\/-que-le-compro-\/wp-json\/wp\/v2\/users\/24"}],"replies":[{"embeddable":true,"href":"https:\/\/blogs.diariosur.es\/-que-le-compro-\/wp-json\/wp\/v2\/comments?post=3625"}],"version-history":[{"count":0,"href":"https:\/\/blogs.diariosur.es\/-que-le-compro-\/wp-json\/wp\/v2\/posts\/3625\/revisions"}],"wp:attachment":[{"href":"https:\/\/blogs.diariosur.es\/-que-le-compro-\/wp-json\/wp\/v2\/media?parent=3625"}],"wp:term":[{"taxonomy":"category","embeddable":true,"href":"https:\/\/blogs.diariosur.es\/-que-le-compro-\/wp-json\/wp\/v2\/categories?post=3625"},{"taxonomy":"post_tag","embeddable":true,"href":"https:\/\/blogs.diariosur.es\/-que-le-compro-\/wp-json\/wp\/v2\/tags?post=3625"}],"curies":[{"name":"wp","href":"https:\/\/api.w.org\/{rel}","templated":true}]}}