{"id":3633,"date":"2015-12-01T17:29:01","date_gmt":"2015-12-01T16:29:01","guid":{"rendered":"http:\/\/blogs.diariosur.es\/-que-le-compro-\/?p=3633"},"modified":"2015-12-01T17:29:01","modified_gmt":"2015-12-01T16:29:01","slug":"rastrillo-benefico-expiracion-diciembre","status":"publish","type":"post","link":"https:\/\/blogs.diariosur.es\/-que-le-compro-\/2015\/12\/01\/rastrillo-benefico-expiracion-diciembre\/","title":{"rendered":"Mercadillo ben\u00e9fico en la cofrad\u00eda de la Expiraci\u00f3n"},"content":{"rendered":"<p>Con la llegada de la Navidad es momento de acordarse tambi\u00e9n de los que menos tienen. Porque no todo el mundo cuenta con la suerte de poder disfrutar de reuniones familiares, de salidas con amigos o de m\u00faltiples regalos. Si siempre es buen momento para echar un cable a los que lo necesitan, en estas fechas m\u00e1s. Y el mes de diciembre comienza en M\u00e1laga capital con una cita solidaria, la que organiza la <strong>cofrad\u00eda de la Expiraci\u00f3n<\/strong>.<\/p>\n<p>Este <span style=\"text-decoration: underline;\">martes y mi\u00e9rcoles, d\u00edas 1 y 2 de diciembre<\/span>, respectivamente, ponen en marcha su <strong>rastrillo ben\u00e9fico La Bouganvilla<\/strong>. Tendr\u00e1 lugar en la casa-hermandad de esta cofrad\u00eda (en la plaza Cristo de la Expiraci\u00f3n) desde las 12.30 de la ma\u00f1ana.<\/p>\n<p>\u00a1Avisados qued\u00e1is!<\/p>\n<p><a href=\"\/-que-le-compro-\/wp-content\/uploads\/sites\/19\/2015\/12\/mercadillo-expiracion.jpg\"><img loading=\"lazy\" class=\"aligncenter size-full wp-image-3634\" title=\"Rastrillo ben\u00e9fico en la Expiraci\u00f3n, diciembre 2015\" src=\"\/-que-le-compro-\/wp-content\/uploads\/sites\/19\/2015\/12\/mercadillo-expiracion.jpg\" alt=\"Rastrillo ben\u00e9fico en la Expiraci\u00f3n, diciembre 2015\" width=\"540\" height=\"756\" srcset=\"https:\/\/static-blogs.diariosur.es\/wp-content\/uploads\/sites\/19\/2015\/12\/mercadillo-expiracion.jpg 540w, https:\/\/static-blogs.diariosur.es\/wp-content\/uploads\/sites\/19\/2015\/12\/mercadillo-expiracion-214x300.jpg 214w\" sizes=\"(max-width: 540px) 100vw, 540px\" \/><\/a><\/p>\n","protected":false},"excerpt":{"rendered":"<p>Con la llegada de la Navidad es momento de acordarse tambi\u00e9n de los que menos tienen. Porque no todo el mundo cuenta con la suerte de poder disfrutar de reuniones familiares, de salidas con amigos o de m\u00faltiples regalos. Si siempre es buen momento para echar un cable a los que lo necesitan, en estas [&hellip;]<\/p>\n","protected":false},"author":24,"featured_media":0,"comment_status":"open","ping_status":"open","sticky":false,"template":"","format":"standard","meta":[],"categories":[4],"tags":[10,644,776,3109],"_links":{"self":[{"href":"https:\/\/blogs.diariosur.es\/-que-le-compro-\/wp-json\/wp\/v2\/posts\/3633"}],"collection":[{"href":"https:\/\/blogs.diariosur.es\/-que-le-compro-\/wp-json\/wp\/v2\/posts"}],"about":[{"href":"https:\/\/blogs.diariosur.es\/-que-le-compro-\/wp-json\/wp\/v2\/types\/post"}],"author":[{"embeddable":true,"href":"https:\/\/blogs.diariosur.es\/-que-le-compro-\/wp-json\/wp\/v2\/users\/24"}],"replies":[{"embeddable":true,"href":"https:\/\/blogs.diariosur.es\/-que-le-compro-\/wp-json\/wp\/v2\/comments?post=3633"}],"version-history":[{"count":0,"href":"https:\/\/blogs.diariosur.es\/-que-le-compro-\/wp-json\/wp\/v2\/posts\/3633\/revisions"}],"wp:attachment":[{"href":"https:\/\/blogs.diariosur.es\/-que-le-compro-\/wp-json\/wp\/v2\/media?parent=3633"}],"wp:term":[{"taxonomy":"category","embeddable":true,"href":"https:\/\/blogs.diariosur.es\/-que-le-compro-\/wp-json\/wp\/v2\/categories?post=3633"},{"taxonomy":"post_tag","embeddable":true,"href":"https:\/\/blogs.diariosur.es\/-que-le-compro-\/wp-json\/wp\/v2\/tags?post=3633"}],"curies":[{"name":"wp","href":"https:\/\/api.w.org\/{rel}","templated":true}]}}