{"id":3636,"date":"2015-12-02T22:50:02","date_gmt":"2015-12-02T21:50:02","guid":{"rendered":"http:\/\/blogs.diariosur.es\/-que-le-compro-\/?p=3636"},"modified":"2015-12-02T22:50:02","modified_gmt":"2015-12-02T21:50:02","slug":"la-temporal-malaga-creadores-popup-navidad","status":"publish","type":"post","link":"https:\/\/blogs.diariosur.es\/-que-le-compro-\/2015\/12\/02\/la-temporal-malaga-creadores-popup-navidad\/","title":{"rendered":"Creadores malague\u00f1os en la &#039;pop up&#039; de estreno de La Temporal"},"content":{"rendered":"<p>Este viernes ser\u00e1 la puesta de largo de La <strong>Temporal<\/strong>, un nuevo espacio de encuentro en M\u00e1laga capital pensado para albergar actividades de distinto tipo. Ubicado en pleno Centro de M\u00e1laga (calle Bolsa), se estrenar\u00e1 con una &#8216;pop up&#8217; navide\u00f1a, dadas las fechas en las que estamos. La iniciativa, con entrada gratuita, podr\u00e1 visitarse de 11 a 21 horas desde este viernes d\u00eda 4, hasta el pr\u00f3ximo martes 8.<\/p>\n<div id=\"attachment_3637\" style=\"width: 550px\" class=\"wp-caption aligncenter\"><a href=\"\/-que-le-compro-\/wp-content\/uploads\/sites\/19\/2015\/12\/latemporal.jpg\"><img aria-describedby=\"caption-attachment-3637\" loading=\"lazy\" class=\"size-full wp-image-3637\" title=\"La Temporal est\u00e1 en la calle Bolsa 3, 1\u00ba-2, en M\u00e1laga capital\" src=\"\/-que-le-compro-\/wp-content\/uploads\/sites\/19\/2015\/12\/latemporal.jpg\" alt=\"La Temporal est\u00e1 en la calle Bolsa 3, 1\u00ba-2, en M\u00e1laga capital\" width=\"540\" height=\"258\" srcset=\"https:\/\/static-blogs.diariosur.es\/wp-content\/uploads\/sites\/19\/2015\/12\/latemporal.jpg 540w, https:\/\/static-blogs.diariosur.es\/wp-content\/uploads\/sites\/19\/2015\/12\/latemporal-300x143.jpg 300w\" sizes=\"(max-width: 540px) 100vw, 540px\" \/><\/a><p id=\"caption-attachment-3637\" class=\"wp-caption-text\">La Temporal est\u00e1 en la calle Bolsa 3, 1\u00ba-2, en M\u00e1laga capital<\/p><\/div>\n<p>En esta ocasi\u00f3n, podr\u00e1n verse los trabajos de los creadores <strong>Vicky Portales, Rafa Rodr\u00edguez, Ana Flores Al\u00e9s, Ava Collection, Simplementos, O.S. By Noelia, Bio C\u00b4est, Homi\u00e9s Marbella, Olia Kimonos, 4Sisters,\u00a0GentlSupply, Bedoodle, Pauer Milano, Elenadela\u00f3, Rm\u00e1sR y\u00a0Bootme,<\/strong>\u00a0que se repartir\u00e1n durante los d\u00edas del puente, por lo que no habr\u00e1 dos iguales. Aproximadamente, cada jornada podr\u00e1 disfrutarse de los trabajos de siete u ocho participantes. Adem\u00e1s, habr\u00e1 m\u00fasica en directo -el viernes actuar\u00e1 el grupo Pajarete- y picoteo, para que las compras sean a\u00fan m\u00e1s amenas en este nuevo espacio.<\/p>\n<p>\u00a1Bienvenidos y suerte!<\/p>\n<div id=\"attachment_3638\" style=\"width: 550px\" class=\"wp-caption aligncenter\"><a href=\"\/-que-le-compro-\/wp-content\/uploads\/sites\/19\/2015\/12\/participantes-popup-latemporal.jpg\"><img aria-describedby=\"caption-attachment-3638\" loading=\"lazy\" class=\"size-full wp-image-3638\" title=\"Participantes en la pop up navide\u00f1a de La Temporal\" src=\"\/-que-le-compro-\/wp-content\/uploads\/sites\/19\/2015\/12\/participantes-popup-latemporal.jpg\" alt=\"Participantes en la pop up navide\u00f1a de La Temporal\" width=\"540\" height=\"764\" srcset=\"https:\/\/static-blogs.diariosur.es\/wp-content\/uploads\/sites\/19\/2015\/12\/participantes-popup-latemporal.jpg 540w, https:\/\/static-blogs.diariosur.es\/wp-content\/uploads\/sites\/19\/2015\/12\/participantes-popup-latemporal-212x300.jpg 212w\" sizes=\"(max-width: 540px) 100vw, 540px\" \/><\/a><p id=\"caption-attachment-3638\" class=\"wp-caption-text\">Participantes en la pop up navide\u00f1a de La Temporal<\/p><\/div>\n","protected":false},"excerpt":{"rendered":"<p>Este viernes ser\u00e1 la puesta de largo de La Temporal, un nuevo espacio de encuentro en M\u00e1laga capital pensado para albergar actividades de distinto tipo. Ubicado en pleno Centro de M\u00e1laga (calle Bolsa), se estrenar\u00e1 con una &#8216;pop up&#8217; navide\u00f1a, dadas las fechas en las que estamos. La iniciativa, con entrada gratuita, podr\u00e1 visitarse de [&hellip;]<\/p>\n","protected":false},"author":24,"featured_media":0,"comment_status":"open","ping_status":"open","sticky":false,"template":"","format":"standard","meta":[],"categories":[6,7],"tags":[58,183,336,404,433,534,1130,1235,1543,1644,1914,2699,2730,2760,2877,3095,3249,3396,3882],"_links":{"self":[{"href":"https:\/\/blogs.diariosur.es\/-que-le-compro-\/wp-json\/wp\/v2\/posts\/3636"}],"collection":[{"href":"https:\/\/blogs.diariosur.es\/-que-le-compro-\/wp-json\/wp\/v2\/posts"}],"about":[{"href":"https:\/\/blogs.diariosur.es\/-que-le-compro-\/wp-json\/wp\/v2\/types\/post"}],"author":[{"embeddable":true,"href":"https:\/\/blogs.diariosur.es\/-que-le-compro-\/wp-json\/wp\/v2\/users\/24"}],"replies":[{"embeddable":true,"href":"https:\/\/blogs.diariosur.es\/-que-le-compro-\/wp-json\/wp\/v2\/comments?post=3636"}],"version-history":[{"count":0,"href":"https:\/\/blogs.diariosur.es\/-que-le-compro-\/wp-json\/wp\/v2\/posts\/3636\/revisions"}],"wp:attachment":[{"href":"https:\/\/blogs.diariosur.es\/-que-le-compro-\/wp-json\/wp\/v2\/media?parent=3636"}],"wp:term":[{"taxonomy":"category","embeddable":true,"href":"https:\/\/blogs.diariosur.es\/-que-le-compro-\/wp-json\/wp\/v2\/categories?post=3636"},{"taxonomy":"post_tag","embeddable":true,"href":"https:\/\/blogs.diariosur.es\/-que-le-compro-\/wp-json\/wp\/v2\/tags?post=3636"}],"curies":[{"name":"wp","href":"https:\/\/api.w.org\/{rel}","templated":true}]}}