{"id":3640,"date":"2015-12-04T14:28:54","date_gmt":"2015-12-04T13:28:54","guid":{"rendered":"http:\/\/blogs.diariosur.es\/-que-le-compro-\/?p=3640"},"modified":"2015-12-04T14:28:54","modified_gmt":"2015-12-04T13:28:54","slug":"mercadillos-puente-constitucion-malaga-2","status":"publish","type":"post","link":"https:\/\/blogs.diariosur.es\/-que-le-compro-\/2015\/12\/04\/mercadillos-puente-constitucion-malaga-2\/","title":{"rendered":"Agenda de mercadillos para el puente de diciembre en M\u00e1laga"},"content":{"rendered":"<p>Las compras, y concretamente los mercadillos artesanales, copan buena parte de la agenda de este puente de diciembre en M\u00e1laga, porque cada d\u00eda habr\u00e1 como m\u00ednimo una propuesta para elegir. Es s\u00f3lo cuesti\u00f3n de elegir d\u00f3nde se quiere ir y qu\u00e9 se quiere buscar, atentos a la larga e interesante lista de propuestas.<\/p>\n<div id=\"attachment_3641\" style=\"width: 550px\" class=\"wp-caption aligncenter\"><a href=\"\/-que-le-compro-\/wp-content\/uploads\/sites\/19\/2015\/12\/agenda-rastrillo.jpg\"><img aria-describedby=\"caption-attachment-3641\" loading=\"lazy\" class=\"size-full wp-image-3641\" title=\"Rastrillo de Nuevo Futuro, del 4 al 8 en el Palacio de Ferias de M\u00e1laga\" src=\"\/-que-le-compro-\/wp-content\/uploads\/sites\/19\/2015\/12\/agenda-rastrillo.jpg\" alt=\"Rastrillo de Nuevo Futuro, del 4 al 8 en el Palacio de Ferias de M\u00e1laga\" width=\"540\" height=\"394\" srcset=\"https:\/\/static-blogs.diariosur.es\/wp-content\/uploads\/sites\/19\/2015\/12\/agenda-rastrillo.jpg 540w, https:\/\/static-blogs.diariosur.es\/wp-content\/uploads\/sites\/19\/2015\/12\/agenda-rastrillo-300x219.jpg 300w\" sizes=\"(max-width: 540px) 100vw, 540px\" \/><\/a><p id=\"caption-attachment-3641\" class=\"wp-caption-text\">Rastrillo de Nuevo Futuro, del 4 al 8 en el Palacio de Ferias de M\u00e1laga<\/p><\/div>\n<p><span style=\"color: #993300;\"><strong>Rastrillo de Nuevo Futuro<\/strong><\/span><br \/>\nUna de las citas fijas en M\u00e1laga en estas fechas es el Rastrillo de Nuevo Futuro, un gran bazar que recauda fondos para esta asociaci\u00f3n, que proporciona un techo a menores sin hogar. Como siempre, en el Palacio de Ferias se podr\u00e1 encontrar art\u00edculos donados de todo tipo a buen precio: decoraci\u00f3n de Navidad, regalos, moda&#8230; Tambi\u00e9n habr\u00e1 actuaciones en directo y stands para reponer fuerzas, sin olvidar la popular t\u00f3mbola.<\/p>\n<p><em>Lugar<\/em>: Palacio de Ferias y Congresos de M\u00e1laga capital.<br \/>\n<em>Fecha<\/em>: Desde hoy y hasta el martes.<br \/>\n<em>Horario<\/em>: De 11 a 21 horas (el d\u00eda 8 hasta las 18).<br \/>\n<em>Qu\u00e9 habr\u00e1<\/em>: Art\u00edculos de todo tipo, gastronom\u00eda y regalos navide\u00f1os a beneficio de la asociaci\u00f3n Nuevo Futuro. La entrada cuesta 1 euro.<\/p>\n<p><span style=\"color: #993300;\"><strong>Estreno de La Temporal<\/strong><\/span><br \/>\nEste puente ser\u00e1 la <a href=\"https:\/\/blogs.diariosur.es\/-que-le-compro-\/2015\/12\/02\/la-temporal-malaga-creadores-popup-navidad\/\">puesta de largo de La Temporal<\/a>, un nuevo espacio de encuentro en M\u00e1laga capital pensado para albergar actividades de distinto tipo. Ubicado en pleno Centro (calle Bolsa), se estrenar\u00e1 con una \u2018pop up\u2019 navide\u00f1a en la que podr\u00e1n verse los trabajos de los creadores Vicky Portales, Rafa Rodr\u00edguez, Ana Flores Al\u00e9s, Ava Collection, Simplementos, O.S. By Noelia, Bio C\u2019est, Homi\u00e9s Marbella, Olia Kimonos, 4Sisters, GentlSupply, Bedoodle, Pauer Milano, Elenadela\u00f3, Rm\u00e1sR y Bootme.<\/p>\n<p><em>Lugar:<\/em> La Temporal. Calle Bolsa 3, 1\u00ba-2. M\u00e1laga capital.<br \/>\n<em>Fecha<\/em>: De hoy hasta el martes 8.<br \/>\n<em>Horario<\/em>: De 11 a 21 horas.  Entrada gratuita.<br \/>\n<em>Qu\u00e9 habr\u00e1<\/em>: Regalos originales en complementos, moda o joyer\u00eda hechos por distintos creadores.<\/p>\n<div id=\"attachment_3642\" style=\"width: 550px\" class=\"wp-caption aligncenter\"><a href=\"\/-que-le-compro-\/wp-content\/uploads\/sites\/19\/2015\/12\/agenda-soho.jpg\"><img aria-describedby=\"caption-attachment-3642\" loading=\"lazy\" class=\"size-full wp-image-3642\" title=\"Expositores en calle Tom\u00e1s Heredia este s\u00e1bado en el Made in Soho\" src=\"\/-que-le-compro-\/wp-content\/uploads\/sites\/19\/2015\/12\/agenda-soho.jpg\" alt=\"Expositores en calle Tom\u00e1s Heredia este s\u00e1bado en el Made in Soho\" width=\"540\" height=\"310\" srcset=\"https:\/\/static-blogs.diariosur.es\/wp-content\/uploads\/sites\/19\/2015\/12\/agenda-soho.jpg 540w, https:\/\/static-blogs.diariosur.es\/wp-content\/uploads\/sites\/19\/2015\/12\/agenda-soho-300x172.jpg 300w\" sizes=\"(max-width: 540px) 100vw, 540px\" \/><\/a><p id=\"caption-attachment-3642\" class=\"wp-caption-text\">El Made in Soho llena de expositores la calle Tom\u00e1s Heredia<\/p><\/div>\n<p><span style=\"color: #993300;\"><strong>Made in Soho, Artesanos Invisibles y m\u00e1s el s\u00e1bado por la ma\u00f1ana en el Centro<\/strong><\/span><br \/>\nEl s\u00e1bado por la ma\u00f1ana habr\u00e1 que ir al Centro. Porque all\u00ed se congregan varias de las propuestas que s\u00f3lo podr\u00e1n disfrutarse un d\u00eda. Una de ellas \u00a0es el <strong>Made in Soho<\/strong>, cuyos creadores volver\u00e1n a ocupar la calle Tom\u00e1s Heredia con interesantes trabajos en moda, decoraci\u00f3n, complementos o fotograf\u00eda, entre otros.<\/p>\n<p>De forma paralela, este d\u00eda se celebrar\u00e1 la muestra artesanal en <strong>La Casa Invisible\u00a0<\/strong>(calle Andr\u00e9s P\u00e9rez 8) donde art\u00edculos hechos a mano por artesanos locales son los protagonistas. En esta ocasi\u00f3n, participar\u00e1n \u00a0Cer\u00e1mica Art\u00edstica Tierra Viva, MayteyRoc\u00edo Cosas Artesanales, Danila Creaciones, \u00a0Quilling M\u00e1laga, Aileon Sally, Reciclados Creativos de la Levit, Artesan\u00eda Arkoc Poyatos, Cristina Campos, \u00a0Papeles Olvidados, Joe Baru y Mariposas en el Est\u00f3mago. Este s\u00e1bado ser\u00e1 de 11 a 19 horas, y otra novedad: a\u00a0las 12 habr\u00e1 un taller de poes\u00eda y lectura y a las 17 un cuentacuentos infantil.<br \/>\nY a las 11 comenzar\u00e1 tambi\u00e9n el segundo mercadillo-brunch de la tienda <strong>Recyclo Bike Caf\u00e9<\/strong> (calle Marqu\u00e9s de Villafiel) con antig\u00fcedades, ropa, pasteler\u00eda casera o bisuter\u00eda. Desde las 11 de la ma\u00f1ana.<\/p>\n<div id=\"attachment_3643\" style=\"width: 550px\" class=\"wp-caption aligncenter\"><a href=\"\/-que-le-compro-\/wp-content\/uploads\/sites\/19\/2015\/12\/agenda-recyclo.jpg\"><img aria-describedby=\"caption-attachment-3643\" loading=\"lazy\" class=\"size-full wp-image-3643\" title=\"II mercadillo-brunch en Recyclo este s\u00e1bado\" src=\"\/-que-le-compro-\/wp-content\/uploads\/sites\/19\/2015\/12\/agenda-recyclo.jpg\" alt=\"II mercadillo-brunch en Recyclo este s\u00e1bado\" width=\"540\" height=\"530\" srcset=\"https:\/\/static-blogs.diariosur.es\/wp-content\/uploads\/sites\/19\/2015\/12\/agenda-recyclo.jpg 540w, https:\/\/static-blogs.diariosur.es\/wp-content\/uploads\/sites\/19\/2015\/12\/agenda-recyclo-300x294.jpg 300w\" sizes=\"(max-width: 540px) 100vw, 540px\" \/><\/a><p id=\"caption-attachment-3643\" class=\"wp-caption-text\">II mercadillo-brunch en Recyclo este s\u00e1bado<\/p><\/div>\n<p><strong><span style=\"color: #993300;\">Mercado navide\u00f1o en Torrox y Festival Arte Sano en San Pedro<\/span><\/strong><\/p>\n<p>Entre los distintos eventos que podr\u00e1n disfrutarse en la provincia hay que destacar, por un lado, el <strong>XI  festival Arte Sano<\/strong> de San Pedro de Alc\u00e1ntara, con distintas actividades \u2013entre ellas un mercado\u2013en torno a los estilos de vida saludables el s\u00e1bado y el domingo.<\/p>\n<p><em>Lugar<\/em>: Recinto ferial de San Pedro de Alc\u00e1ntara.<br \/>\nFecha: S\u00e1bado y domingo.<br \/>\n<em>Qu\u00e9 habr\u00e1<\/em>: El mercado ofrecer\u00e1 una mezcla de artesan\u00eda \u00e9tnica y productos hechos a mano, terapeutas, productos naturales y ecol\u00f3gicos, cosm\u00e9tica natural y fant\u00e1stica comida saludable. Adem\u00e1s, habr\u00e1 talleres, danza, y zona infantil.<br \/>\n<em>Entrada<\/em>: Costar\u00e1 un euro (el acceso para los ni\u00f1os es gratis) que se destinar\u00e1 a dos asociaciones ben\u00e9ficas diferentes cada d\u00eda.<\/p>\n<p>Asimismo, <strong>Torrox alberga un gran Mercado Navide\u00f1o<\/strong>\u00a0donde los visitantes podr\u00e1n encontrar 4.000 metros cuadrados con m\u00e1s de 80 puestos repartidos para que no falte ni un detalle de las pr\u00f3ximas fiestas. Del s\u00e1bado al martes habr\u00e1 un tren gratuito para facilitar el acceso del p\u00fablico al recinto, la Lonja de Horto M\u00e1laga.<\/p>\n<p><em>Lugar:<\/em> Lonja de Horto M\u00e1laga, Torrox.<br \/>\n<em> Fecha<\/em>: Desde hoy y hasta el martes.<br \/>\n<em>Qu\u00e9 habr\u00e1:<\/em> Considerado como el m\u00e1s grande de la Costa del Sol, incluir\u00e1 80 puestos, que ofrecer\u00e1n la posibilidad de disfrutar de productos artesanos y gastronom\u00eda.<\/p>\n<p><span style=\"color: #993300;\"><strong>S\u00f3lo el domingo<\/strong><\/span><br \/>\nEl d\u00eda 6 tres opciones m\u00e1s se sumar\u00e1n a la agenda. Por un lado, el<strong>\u00a0Zoco de Muelle Uno<\/strong>, que se desarrollar\u00e1 de 11 a 18 horas con la Navidad, como casi no puede ser de otra manera ya en estas fechas, como \u2018leiv motiv\u2019. Tambi\u00e9n en la capital, al ser el primer domingo del mes, toca cita con la convocatoria organizada por <strong>M\u00e1laga es arte<\/strong> en el paseo mar\u00edtimo de Huelin, con moda, artesan\u00eda y complementos, entre otros, de 11 a 19 horas. Por su parte, el parque de la\u00a0<strong>Alameda de Marbella<\/strong>\u00a0ser\u00e1 el escenario en el que la asociaci\u00f3n Horizonte Proyecto Hombre realizar\u00e1 su Gran Rastrillo de Navidad, que arrancar\u00e1 a las diez de la ma\u00f1ana.<\/p>\n<p>\u00a1A disfrutar del puente!<\/p>\n","protected":false},"excerpt":{"rendered":"<p>Las compras, y concretamente los mercadillos artesanales, copan buena parte de la agenda de este puente de diciembre en M\u00e1laga, porque cada d\u00eda habr\u00e1 como m\u00ednimo una propuesta para elegir. Es s\u00f3lo cuesti\u00f3n de elegir d\u00f3nde se quiere ir y qu\u00e9 se quiere buscar, atentos a la larga e interesante lista de propuestas. Rastrillo de [&hellip;]<\/p>\n","protected":false},"author":24,"featured_media":0,"comment_status":"open","ping_status":"open","sticky":false,"template":"","format":"standard","meta":[],"categories":[4,6],"tags":[261,312,1390,1858,2034,2253,2444,3112,3114,3173,3968],"_links":{"self":[{"href":"https:\/\/blogs.diariosur.es\/-que-le-compro-\/wp-json\/wp\/v2\/posts\/3640"}],"collection":[{"href":"https:\/\/blogs.diariosur.es\/-que-le-compro-\/wp-json\/wp\/v2\/posts"}],"about":[{"href":"https:\/\/blogs.diariosur.es\/-que-le-compro-\/wp-json\/wp\/v2\/types\/post"}],"author":[{"embeddable":true,"href":"https:\/\/blogs.diariosur.es\/-que-le-compro-\/wp-json\/wp\/v2\/users\/24"}],"replies":[{"embeddable":true,"href":"https:\/\/blogs.diariosur.es\/-que-le-compro-\/wp-json\/wp\/v2\/comments?post=3640"}],"version-history":[{"count":0,"href":"https:\/\/blogs.diariosur.es\/-que-le-compro-\/wp-json\/wp\/v2\/posts\/3640\/revisions"}],"wp:attachment":[{"href":"https:\/\/blogs.diariosur.es\/-que-le-compro-\/wp-json\/wp\/v2\/media?parent=3640"}],"wp:term":[{"taxonomy":"category","embeddable":true,"href":"https:\/\/blogs.diariosur.es\/-que-le-compro-\/wp-json\/wp\/v2\/categories?post=3640"},{"taxonomy":"post_tag","embeddable":true,"href":"https:\/\/blogs.diariosur.es\/-que-le-compro-\/wp-json\/wp\/v2\/tags?post=3640"}],"curies":[{"name":"wp","href":"https:\/\/api.w.org\/{rel}","templated":true}]}}