{"id":3645,"date":"2015-12-08T23:46:30","date_gmt":"2015-12-08T22:46:30","guid":{"rendered":"http:\/\/blogs.diariosur.es\/-que-le-compro-\/?p=3645"},"modified":"2015-12-08T23:46:30","modified_gmt":"2015-12-08T22:46:30","slug":"emblems-tienda-torremolinos","status":"publish","type":"post","link":"https:\/\/blogs.diariosur.es\/-que-le-compro-\/2015\/12\/08\/emblems-tienda-torremolinos\/","title":{"rendered":"Emblems inaugura tienda en Torremolinos"},"content":{"rendered":"<p>M\u00e1laga est\u00e1 en racha, definitivamente. En las pr\u00f3ximas semanas vamos a hablar de inauguraciones, estrenos y aterrizajes de distintos comercios a nuestra ciudad, una gran noticia sin duda alguna. Una de las \u00faltimas incorporaciones es la firma de moda <strong>Emblems<\/strong>, que recientemente ha abierto tienda en Torremolinos.<\/p>\n<p><a href=\"\/-que-le-compro-\/wp-content\/uploads\/sites\/19\/2015\/12\/emblems-fachada.jpg\"><img loading=\"lazy\" class=\"aligncenter size-full wp-image-3646\" title=\"Fachada de la tienda en Torremolinos\" src=\"\/-que-le-compro-\/wp-content\/uploads\/sites\/19\/2015\/12\/emblems-fachada.jpg\" alt=\"Fachada de la tienda en Torremolinos\" width=\"540\" height=\"433\" srcset=\"https:\/\/static-blogs.diariosur.es\/wp-content\/uploads\/sites\/19\/2015\/12\/emblems-fachada.jpg 540w, https:\/\/static-blogs.diariosur.es\/wp-content\/uploads\/sites\/19\/2015\/12\/emblems-fachada-300x241.jpg 300w\" sizes=\"(max-width: 540px) 100vw, 540px\" \/><\/a><\/p>\n<p>Concretamente, en la <strong>calle San Miguel<\/strong> 55, \u00a0y cuenta con cerca de 1.800 metros cuadrados de superficie en moda tanto de se\u00f1ora como de caballero con sus diferentes colecciones en moda casual, vestir, calzado y complementos, y con un gran surtido en sastrer\u00eda de caballero y ceremonia. A esto se une una zona outlet con unos 500 metros de extensi\u00f3n. \u00a0Y para celebrar su estreno, ofrecen un 20% en todos los art\u00edculos hasta el pr\u00f3ximo d\u00eda 15.<\/p>\n<p>Est\u00e1 claro que esta empresa ha calado hondo en M\u00e1laga, puesto que ya cuenta con locales en la capital en la calle Especer\u00edas y en el centro comercial Larios Centro y en la provincia en Ronda, Fuengirola y Nerja.<\/p>\n<p>\u00a1Bienvenidos!<\/p>\n<div id=\"attachment_3647\" style=\"width: 550px\" class=\"wp-caption aligncenter\"><a href=\"\/-que-le-compro-\/wp-content\/uploads\/sites\/19\/2015\/12\/emblems-tienda.jpg\"><img aria-describedby=\"caption-attachment-3647\" loading=\"lazy\" class=\"size-full wp-image-3647\" title=\"Escaparate de la tienda Emblems en Torremolinos\" src=\"\/-que-le-compro-\/wp-content\/uploads\/sites\/19\/2015\/12\/emblems-tienda.jpg\" alt=\"Escaparate de la tienda Emblems en Torremolinos\" width=\"540\" height=\"467\" srcset=\"https:\/\/static-blogs.diariosur.es\/wp-content\/uploads\/sites\/19\/2015\/12\/emblems-tienda.jpg 540w, https:\/\/static-blogs.diariosur.es\/wp-content\/uploads\/sites\/19\/2015\/12\/emblems-tienda-300x259.jpg 300w\" sizes=\"(max-width: 540px) 100vw, 540px\" \/><\/a><p id=\"caption-attachment-3647\" class=\"wp-caption-text\">Escaparate de la tienda Emblems en Torremolinos<\/p><\/div>\n<p>&nbsp;<\/p>\n<div class=\"mceTemp mceIEcenter\">\n<dl id=\"attachment_3649\" class=\"wp-caption aligncenter\" style=\"width: 550px;\">\n<dt class=\"wp-caption-dt\"><a href=\"\/-que-le-compro-\/wp-content\/uploads\/sites\/19\/2015\/12\/emblems-interior.jpg\"><img loading=\"lazy\" class=\"size-full wp-image-3649\" title=\"Interior de la tienda Emblems de Torremolinos\" src=\"\/-que-le-compro-\/wp-content\/uploads\/sites\/19\/2015\/12\/emblems-interior.jpg\" alt=\"Interior de la tienda Emblems de Torremolinos\" width=\"540\" height=\"262\" srcset=\"https:\/\/static-blogs.diariosur.es\/wp-content\/uploads\/sites\/19\/2015\/12\/emblems-interior.jpg 540w, https:\/\/static-blogs.diariosur.es\/wp-content\/uploads\/sites\/19\/2015\/12\/emblems-interior-300x146.jpg 300w\" sizes=\"(max-width: 540px) 100vw, 540px\" \/><\/a><\/dt>\n<dd class=\"wp-caption-dd\"><\/dd>\n<\/dl>\n<\/div>\n<p>&nbsp;<\/p>\n","protected":false},"excerpt":{"rendered":"<p>M\u00e1laga est\u00e1 en racha, definitivamente. En las pr\u00f3ximas semanas vamos a hablar de inauguraciones, estrenos y aterrizajes de distintos comercios a nuestra ciudad, una gran noticia sin duda alguna. Una de las \u00faltimas incorporaciones es la firma de moda Emblems, que recientemente ha abierto tienda en Torremolinos. Concretamente, en la calle San Miguel 55, \u00a0y [&hellip;]<\/p>\n","protected":false},"author":24,"featured_media":0,"comment_status":"open","ping_status":"open","sticky":false,"template":"","format":"standard","meta":[],"categories":[3,7],"tags":[556,1243,3674],"_links":{"self":[{"href":"https:\/\/blogs.diariosur.es\/-que-le-compro-\/wp-json\/wp\/v2\/posts\/3645"}],"collection":[{"href":"https:\/\/blogs.diariosur.es\/-que-le-compro-\/wp-json\/wp\/v2\/posts"}],"about":[{"href":"https:\/\/blogs.diariosur.es\/-que-le-compro-\/wp-json\/wp\/v2\/types\/post"}],"author":[{"embeddable":true,"href":"https:\/\/blogs.diariosur.es\/-que-le-compro-\/wp-json\/wp\/v2\/users\/24"}],"replies":[{"embeddable":true,"href":"https:\/\/blogs.diariosur.es\/-que-le-compro-\/wp-json\/wp\/v2\/comments?post=3645"}],"version-history":[{"count":0,"href":"https:\/\/blogs.diariosur.es\/-que-le-compro-\/wp-json\/wp\/v2\/posts\/3645\/revisions"}],"wp:attachment":[{"href":"https:\/\/blogs.diariosur.es\/-que-le-compro-\/wp-json\/wp\/v2\/media?parent=3645"}],"wp:term":[{"taxonomy":"category","embeddable":true,"href":"https:\/\/blogs.diariosur.es\/-que-le-compro-\/wp-json\/wp\/v2\/categories?post=3645"},{"taxonomy":"post_tag","embeddable":true,"href":"https:\/\/blogs.diariosur.es\/-que-le-compro-\/wp-json\/wp\/v2\/tags?post=3645"}],"curies":[{"name":"wp","href":"https:\/\/api.w.org\/{rel}","templated":true}]}}